{"id":1066,"date":"2023-08-02T12:54:10","date_gmt":"2023-08-02T10:54:10","guid":{"rendered":"https:\/\/mteconomistas.com\/la-importancia-de-los-dades-mestres-en-la-digitalizacio-empresarial-2\/"},"modified":"2023-08-09T11:39:12","modified_gmt":"2023-08-09T09:39:12","slug":"la-importancia-de-los-dades-mestres-en-la-digitalizacio-empresarial-2","status":"publish","type":"post","link":"https:\/\/d418ea.com\/ca\/la-importancia-de-los-dades-mestres-en-la-digitalizacio-empresarial-2\/","title":{"rendered":"La import\u00e0ncia de les DADES MESTRES en la digitalizaci\u00f3 empresarial"},"content":{"rendered":"\n<h2 class=\"wp-block-heading\">Les C\u00c8L.LULES MARE d\u2019un negoci (L\u2019ADN EMPRESARIAL)<\/h2>\n\n\n\n<p>En aquest article vull emfatitzar la import\u00e0ncia que t\u00e9 una adequada selecci\u00f3 de les dades mestres, aix\u00ed com el disseny de l&#8217;arbre d&#8217;anidaci\u00f3 d&#8217;aquests, a l&#8217;hora de la digitalitzaci\u00f3 d&#8217;una empresa. Les <strong>dades mestres s\u00f3n les dades claus d&#8217;an\u00e0lisi<\/strong>, que han d&#8217;estar alineades amb l&#8217;estrat\u00e8gia predefinida per l&#8217;empresa.\n\nLa correcta elecci\u00f3 d&#8217;aquests, ajuda a garantir l&#8217;\u00e8xit d&#8217;un negoci; ja que proporcionen de forma r\u00e0pida i automatitzada, dades precises i fiables que ajuden a evidenciar l&#8217;\u00e8xit o no, de la consecuci\u00f3 dels objectius establerts.<\/p>\n\n\n\n<figure class=\"wp-block-image alignleft size-full\"><img fetchpriority=\"high\" decoding=\"async\" width=\"347\" height=\"259\" src=\"https:\/\/mteconomistas.com\/wp-content\/uploads\/2023\/08\/Web-1920-\u2013-1.jpg\" alt=\"\" class=\"wp-image-1036\" srcset=\"https:\/\/d418ea.com\/wp-content\/uploads\/2023\/08\/Web-1920-\u2013-1.jpg 347w, https:\/\/d418ea.com\/wp-content\/uploads\/2023\/08\/Web-1920-\u2013-1-300x224.jpg 300w\" sizes=\"(max-width: 347px) 100vw, 347px\" \/><\/figure>\n\n\n\n<p>Les <strong>dades mestres s\u00f3n tan importants per a la gesti\u00f3 d&#8217;un negoci, com en biologia s\u00f3n les &#8220;c\u00e8l\u00b7lules mare&#8221;<\/strong>, les quals alberguen l&#8217;ADN d&#8217;un \u00e9sser viu. Les c\u00e8l\u00b7lules s\u00f3n la unitat biol\u00f2gica m\u00e9s petita i la seva agrupaci\u00f3 poden formar estructures m\u00e9s complexes, com pot ser un \u00f2rgan. Igual que passa amb les dades mestres, que s\u00f3n dades claus d&#8217;un negoci, que mitjan\u00e7ant la seva agrupaci\u00f3, faciliten l&#8217;extracci\u00f3 d&#8217;informaci\u00f3 de forma classificada i estructurada, que permet la formaci\u00f3 de KPI \u0301s (indicadors), que s\u00f3n de vital import\u00e0ncia per a adequada gesti\u00f3 d&#8217;un negoci.<\/p>\n\n\n\n<p>Seguint amb l&#8217;analogia de les dades mestres amb les c\u00e8l\u00b7lules mare; segons el tipus de les c\u00e8l\u00b7lules que formin un \u00f2rgan, condicionar\u00e0 les seves funcions. Amb les dades mestres d&#8217;un negoci, passa el mateix; depenent del destinatari\/f\u00f2rum i l&#8217;indicador que es necessiti reportar, cal generar les dades claus i l&#8217;estructura de l&#8217;arbre d&#8217;anidaci\u00f3, que permeti tant aprofundir com agrupar les dades i faciliti la presa de decisi\u00f3. Aquesta <strong>correlaci\u00f3 de dades formar\u00e0 un entramat d&#8217;informaci\u00f3 vital <\/strong>per a la gesti\u00f3 d&#8217;un negoci a l&#8217;hora de la presa de decisions, a m\u00e9s d&#8217;aconseguir que sigui m\u00e9s eficient el negoci a nivell organitzatiu; ja que en automatitzar processos rutinaris, s&#8217;eliminen els errors manuals, es redueix la repetici\u00f3 de tasques i s&#8217;optimitzen recursos. A m\u00e9s, de dotar l&#8217;empresa d&#8217;informaci\u00f3 per planificar i anticipar-se amb mesures preventives, que puguin eliminar riscos i garantir l&#8217;\u00e8xit del negoci.<\/p>\n\n\n\n<p>Un altre punt important que tenir en compte amb les dades mestres, \u00e9s el seu <strong>correcte manteniment<\/strong>. Aix\u00f2 s&#8217;aconsegueix quan les <strong>dades mestres estan sanejades<\/strong>. El sanejament s&#8217;aconsegueix mitjan\u00e7ant el monitoratge regular dels mateixos, que ha de consistir: primer a netejar les dades obsoletes de la base de dades que solen dificultar les recerques o generar confusi\u00f3; i segon: realitzar revisions peri\u00f2diques de les estructures de dades per verificar la coher\u00e8ncia d&#8217;aquests amb l&#8217;estrat\u00e8gia predefinida pel Comit\u00e8 de Direcci\u00f3. Per a aquest monitoratge de les dades mestres \u00e9s important comptar amb <strong>la figura del &#8220;Masterdata&#8221;<\/strong>, qui ser\u00e0 la persona a nivell intern de l&#8217;empresa que salvaguardar\u00e0 la coher\u00e8ncia i estandarditzaci\u00f3 de l&#8217;alta i manteniment de les dades mestres, vital per garantir la precisi\u00f3 i exactitud de les dades.<\/p>\n\n\n\n<p>A <strong>MT Economistas<\/strong>, t&#8217;ajudem que puguis aconseguir un adequat entramat d&#8217;informaci\u00f3, basat en l&#8217;elecci\u00f3 de les dades mestres, aix\u00ed com el disseny de l&#8217;arbre d&#8217;anidaci\u00f3 sobre el qual, construir els indicadors m\u00e9s rellevants d&#8217;acord amb l&#8217;estrat\u00e8gia de l&#8217;empresa.<\/p>\n\n\n\n<hr class=\"wp-block-separator has-text-color has-white-color has-alpha-channel-opacity has-white-background-color has-background\"\/>\n\n\n\n<div class=\"wp-block-columns is-layout-flex wp-container-core-columns-is-layout-28f84493 wp-block-columns-is-layout-flex\">\n<div class=\"wp-block-column is-layout-flow wp-block-column-is-layout-flow\" style=\"flex-basis:33.33%\">\n<figure class=\"wp-block-image size-full\"><img decoding=\"async\" src=\"https:\/\/mteconomistas.com\/wp-content\/uploads\/2023\/04\/logomt-1.png\" alt=\"\" class=\"wp-image-1011\"\/><\/figure>\n<\/div>\n\n\n\n<div class=\"wp-block-column is-layout-flow wp-block-column-is-layout-flow\" style=\"flex-basis:66.66%\">\n<figure class=\"wp-block-image alignright size-full is-resized\"><img decoding=\"async\" src=\"https:\/\/mteconomistas.com\/wp-content\/uploads\/2023\/08\/Mesa-de-trabajo-\u2013-1.jpg\" alt=\"\" class=\"wp-image-1035\" width=\"137\" height=\"227\"\/><\/figure>\n\n\n\n<p class=\"has-text-align-right\"><strong><strong style=\"color:#a61c27;\">MT ECONOMISTAS<\/strong><\/strong><br><em><strong>Catalina Campos<br><\/strong>Consultora Senior<\/em><\/p>\n<\/div>\n<\/div>\n","protected":false},"excerpt":{"rendered":"<p>Les C\u00c8L.LULES MARE d\u2019un negoci (L\u2019ADN EMPRESARIAL) En aquest article vull emfatitzar la import\u00e0ncia que t\u00e9 una adequada selecci\u00f3 de les dades mestres, aix\u00ed com el disseny de l&#8217;arbre d&#8217;anidaci\u00f3 d&#8217;aquests, a l&#8217;hora de la digitalitzaci\u00f3 d&#8217;una empresa. Les dades mestres s\u00f3n les dades claus d&#8217;an\u00e0lisi, que han d&#8217;estar alineades amb l&#8217;estrat\u00e8gia predefinida per l&#8217;empresa. [&hellip;]<\/p>\n","protected":false},"author":2,"featured_media":1032,"comment_status":"closed","ping_status":"closed","sticky":false,"template":"","format":"standard","meta":{"footnotes":""},"categories":[9],"tags":[],"class_list":["post-1066","post","type-post","status-publish","format-standard","has-post-thumbnail","hentry","category-noticies"],"yoast_head":"<!-- This site is optimized with the Yoast SEO plugin v26.2 - https:\/\/yoast.com\/wordpress\/plugins\/seo\/ -->\n<title>La import\u00e0ncia de les DADES MESTRES en la digitalizaci\u00f3 empresarial | D418<\/title>\n<meta name=\"robots\" content=\"index, follow, max-snippet:-1, max-image-preview:large, max-video-preview:-1\" \/>\n<link rel=\"canonical\" href=\"https:\/\/d418ea.com\/ca\/la-importancia-de-los-dades-mestres-en-la-digitalizacio-empresarial-2\/\" \/>\n<meta property=\"og:locale\" content=\"ca_ES\" \/>\n<meta property=\"og:type\" content=\"article\" \/>\n<meta property=\"og:title\" content=\"La import\u00e0ncia de les DADES MESTRES en la digitalizaci\u00f3 empresarial | D418\" \/>\n<meta property=\"og:description\" content=\"Les C\u00c8L.LULES MARE d\u2019un negoci (L\u2019ADN EMPRESARIAL) En aquest article vull emfatitzar la import\u00e0ncia que t\u00e9 una adequada selecci\u00f3 de les dades mestres, aix\u00ed com el disseny de l&#8217;arbre d&#8217;anidaci\u00f3 d&#8217;aquests, a l&#8217;hora de la digitalitzaci\u00f3 d&#8217;una empresa. Les dades mestres s\u00f3n les dades claus d&#8217;an\u00e0lisi, que han d&#8217;estar alineades amb l&#8217;estrat\u00e8gia predefinida per l&#8217;empresa. [&hellip;]\" \/>\n<meta property=\"og:url\" content=\"https:\/\/d418ea.com\/ca\/la-importancia-de-los-dades-mestres-en-la-digitalizacio-empresarial-2\/\" \/>\n<meta property=\"og:site_name\" content=\"D418\" \/>\n<meta property=\"article:published_time\" content=\"2023-08-02T10:54:10+00:00\" \/>\n<meta property=\"article:modified_time\" content=\"2023-08-09T09:39:12+00:00\" \/>\n<meta property=\"og:image\" content=\"https:\/\/d418ea.com\/wp-content\/uploads\/2023\/08\/human-cells-in-a-blue-background-3d-illustration-2021-08-26-22-28-53-utc-scaled.jpg\" \/>\n\t<meta property=\"og:image:width\" content=\"2560\" \/>\n\t<meta property=\"og:image:height\" content=\"1493\" \/>\n\t<meta property=\"og:image:type\" content=\"image\/jpeg\" \/>\n<meta name=\"author\" content=\"Albert Tarr\u00e9s\" \/>\n<meta name=\"twitter:card\" content=\"summary_large_image\" \/>\n<meta name=\"twitter:label1\" content=\"Escrit per\" \/>\n\t<meta name=\"twitter:data1\" content=\"Albert Tarr\u00e9s\" \/>\n\t<meta name=\"twitter:label2\" content=\"Temps estimat de lectura\" \/>\n\t<meta name=\"twitter:data2\" content=\"3 minuts\" \/>\n<script type=\"application\/ld+json\" class=\"yoast-schema-graph\">{\"@context\":\"https:\/\/schema.org\",\"@graph\":[{\"@type\":\"Article\",\"@id\":\"https:\/\/d418ea.com\/ca\/la-importancia-de-los-dades-mestres-en-la-digitalizacio-empresarial-2\/#article\",\"isPartOf\":{\"@id\":\"https:\/\/d418ea.com\/ca\/la-importancia-de-los-dades-mestres-en-la-digitalizacio-empresarial-2\/\"},\"author\":{\"name\":\"Albert Tarr\u00e9s\",\"@id\":\"https:\/\/d418ea.com\/#\/schema\/person\/5a9e67cbe118fb3e0059e5c642f39508\"},\"headline\":\"La import\u00e0ncia de les DADES MESTRES en la digitalizaci\u00f3 empresarial\",\"datePublished\":\"2023-08-02T10:54:10+00:00\",\"dateModified\":\"2023-08-09T09:39:12+00:00\",\"mainEntityOfPage\":{\"@id\":\"https:\/\/d418ea.com\/ca\/la-importancia-de-los-dades-mestres-en-la-digitalizacio-empresarial-2\/\"},\"wordCount\":596,\"publisher\":{\"@id\":\"https:\/\/d418ea.com\/#organization\"},\"image\":{\"@id\":\"https:\/\/d418ea.com\/ca\/la-importancia-de-los-dades-mestres-en-la-digitalizacio-empresarial-2\/#primaryimage\"},\"thumbnailUrl\":\"https:\/\/d418ea.com\/wp-content\/uploads\/2023\/08\/human-cells-in-a-blue-background-3d-illustration-2021-08-26-22-28-53-utc-scaled.jpg\",\"articleSection\":[\"Not\u00edcies\"],\"inLanguage\":\"ca\"},{\"@type\":\"WebPage\",\"@id\":\"https:\/\/d418ea.com\/ca\/la-importancia-de-los-dades-mestres-en-la-digitalizacio-empresarial-2\/\",\"url\":\"https:\/\/d418ea.com\/ca\/la-importancia-de-los-dades-mestres-en-la-digitalizacio-empresarial-2\/\",\"name\":\"La import\u00e0ncia de les DADES MESTRES en la digitalizaci\u00f3 empresarial | D418\",\"isPartOf\":{\"@id\":\"https:\/\/d418ea.com\/#website\"},\"primaryImageOfPage\":{\"@id\":\"https:\/\/d418ea.com\/ca\/la-importancia-de-los-dades-mestres-en-la-digitalizacio-empresarial-2\/#primaryimage\"},\"image\":{\"@id\":\"https:\/\/d418ea.com\/ca\/la-importancia-de-los-dades-mestres-en-la-digitalizacio-empresarial-2\/#primaryimage\"},\"thumbnailUrl\":\"https:\/\/d418ea.com\/wp-content\/uploads\/2023\/08\/human-cells-in-a-blue-background-3d-illustration-2021-08-26-22-28-53-utc-scaled.jpg\",\"datePublished\":\"2023-08-02T10:54:10+00:00\",\"dateModified\":\"2023-08-09T09:39:12+00:00\",\"breadcrumb\":{\"@id\":\"https:\/\/d418ea.com\/ca\/la-importancia-de-los-dades-mestres-en-la-digitalizacio-empresarial-2\/#breadcrumb\"},\"inLanguage\":\"ca\",\"potentialAction\":[{\"@type\":\"ReadAction\",\"target\":[\"https:\/\/d418ea.com\/ca\/la-importancia-de-los-dades-mestres-en-la-digitalizacio-empresarial-2\/\"]}]},{\"@type\":\"ImageObject\",\"inLanguage\":\"ca\",\"@id\":\"https:\/\/d418ea.com\/ca\/la-importancia-de-los-dades-mestres-en-la-digitalizacio-empresarial-2\/#primaryimage\",\"url\":\"https:\/\/d418ea.com\/wp-content\/uploads\/2023\/08\/human-cells-in-a-blue-background-3d-illustration-2021-08-26-22-28-53-utc-scaled.jpg\",\"contentUrl\":\"https:\/\/d418ea.com\/wp-content\/uploads\/2023\/08\/human-cells-in-a-blue-background-3d-illustration-2021-08-26-22-28-53-utc-scaled.jpg\",\"width\":2560,\"height\":1493,\"caption\":\"human cells in a blue background, 3d illustration\"},{\"@type\":\"BreadcrumbList\",\"@id\":\"https:\/\/d418ea.com\/ca\/la-importancia-de-los-dades-mestres-en-la-digitalizacio-empresarial-2\/#breadcrumb\",\"itemListElement\":[{\"@type\":\"ListItem\",\"position\":1,\"name\":\"Portada\",\"item\":\"https:\/\/d418ea.com\/ca\/\"},{\"@type\":\"ListItem\",\"position\":2,\"name\":\"La import\u00e0ncia de les DADES MESTRES en la digitalizaci\u00f3 empresarial\"}]},{\"@type\":\"WebSite\",\"@id\":\"https:\/\/d418ea.com\/#website\",\"url\":\"https:\/\/d418ea.com\/\",\"name\":\"D418\",\"description\":\"Economistas y Abogados | Salvamos y optimizamos empresas\",\"publisher\":{\"@id\":\"https:\/\/d418ea.com\/#organization\"},\"potentialAction\":[{\"@type\":\"SearchAction\",\"target\":{\"@type\":\"EntryPoint\",\"urlTemplate\":\"https:\/\/d418ea.com\/?s={search_term_string}\"},\"query-input\":{\"@type\":\"PropertyValueSpecification\",\"valueRequired\":true,\"valueName\":\"search_term_string\"}}],\"inLanguage\":\"ca\"},{\"@type\":\"Organization\",\"@id\":\"https:\/\/d418ea.com\/#organization\",\"name\":\"D418\",\"alternateName\":\"Economistas y Abogados | Salvamos y optimizamos empresas\",\"url\":\"https:\/\/d418ea.com\/\",\"logo\":{\"@type\":\"ImageObject\",\"inLanguage\":\"ca\",\"@id\":\"https:\/\/d418ea.com\/#\/schema\/logo\/image\/\",\"url\":\"https:\/\/d418ea.com\/wp-content\/uploads\/2020\/10\/logo_color_cast_pos.png\",\"contentUrl\":\"https:\/\/d418ea.com\/wp-content\/uploads\/2020\/10\/logo_color_cast_pos.png\",\"width\":2162,\"height\":1169,\"caption\":\"D418\"},\"image\":{\"@id\":\"https:\/\/d418ea.com\/#\/schema\/logo\/image\/\"}},{\"@type\":\"Person\",\"@id\":\"https:\/\/d418ea.com\/#\/schema\/person\/5a9e67cbe118fb3e0059e5c642f39508\",\"name\":\"Albert Tarr\u00e9s\",\"url\":\"https:\/\/d418ea.com\/ca\/author\/atarres\/\"}]}<\/script>\n<!-- \/ Yoast SEO plugin. -->","yoast_head_json":{"title":"La import\u00e0ncia de les DADES MESTRES en la digitalizaci\u00f3 empresarial | D418","robots":{"index":"index","follow":"follow","max-snippet":"max-snippet:-1","max-image-preview":"max-image-preview:large","max-video-preview":"max-video-preview:-1"},"canonical":"https:\/\/d418ea.com\/ca\/la-importancia-de-los-dades-mestres-en-la-digitalizacio-empresarial-2\/","og_locale":"ca_ES","og_type":"article","og_title":"La import\u00e0ncia de les DADES MESTRES en la digitalizaci\u00f3 empresarial | D418","og_description":"Les C\u00c8L.LULES MARE d\u2019un negoci (L\u2019ADN EMPRESARIAL) En aquest article vull emfatitzar la import\u00e0ncia que t\u00e9 una adequada selecci\u00f3 de les dades mestres, aix\u00ed com el disseny de l&#8217;arbre d&#8217;anidaci\u00f3 d&#8217;aquests, a l&#8217;hora de la digitalitzaci\u00f3 d&#8217;una empresa. Les dades mestres s\u00f3n les dades claus d&#8217;an\u00e0lisi, que han d&#8217;estar alineades amb l&#8217;estrat\u00e8gia predefinida per l&#8217;empresa. [&hellip;]","og_url":"https:\/\/d418ea.com\/ca\/la-importancia-de-los-dades-mestres-en-la-digitalizacio-empresarial-2\/","og_site_name":"D418","article_published_time":"2023-08-02T10:54:10+00:00","article_modified_time":"2023-08-09T09:39:12+00:00","og_image":[{"width":2560,"height":1493,"url":"https:\/\/d418ea.com\/wp-content\/uploads\/2023\/08\/human-cells-in-a-blue-background-3d-illustration-2021-08-26-22-28-53-utc-scaled.jpg","type":"image\/jpeg"}],"author":"Albert Tarr\u00e9s","twitter_card":"summary_large_image","twitter_misc":{"Escrit per":"Albert Tarr\u00e9s","Temps estimat de lectura":"3 minuts"},"schema":{"@context":"https:\/\/schema.org","@graph":[{"@type":"Article","@id":"https:\/\/d418ea.com\/ca\/la-importancia-de-los-dades-mestres-en-la-digitalizacio-empresarial-2\/#article","isPartOf":{"@id":"https:\/\/d418ea.com\/ca\/la-importancia-de-los-dades-mestres-en-la-digitalizacio-empresarial-2\/"},"author":{"name":"Albert Tarr\u00e9s","@id":"https:\/\/d418ea.com\/#\/schema\/person\/5a9e67cbe118fb3e0059e5c642f39508"},"headline":"La import\u00e0ncia de les DADES MESTRES en la digitalizaci\u00f3 empresarial","datePublished":"2023-08-02T10:54:10+00:00","dateModified":"2023-08-09T09:39:12+00:00","mainEntityOfPage":{"@id":"https:\/\/d418ea.com\/ca\/la-importancia-de-los-dades-mestres-en-la-digitalizacio-empresarial-2\/"},"wordCount":596,"publisher":{"@id":"https:\/\/d418ea.com\/#organization"},"image":{"@id":"https:\/\/d418ea.com\/ca\/la-importancia-de-los-dades-mestres-en-la-digitalizacio-empresarial-2\/#primaryimage"},"thumbnailUrl":"https:\/\/d418ea.com\/wp-content\/uploads\/2023\/08\/human-cells-in-a-blue-background-3d-illustration-2021-08-26-22-28-53-utc-scaled.jpg","articleSection":["Not\u00edcies"],"inLanguage":"ca"},{"@type":"WebPage","@id":"https:\/\/d418ea.com\/ca\/la-importancia-de-los-dades-mestres-en-la-digitalizacio-empresarial-2\/","url":"https:\/\/d418ea.com\/ca\/la-importancia-de-los-dades-mestres-en-la-digitalizacio-empresarial-2\/","name":"La import\u00e0ncia de les DADES MESTRES en la digitalizaci\u00f3 empresarial | D418","isPartOf":{"@id":"https:\/\/d418ea.com\/#website"},"primaryImageOfPage":{"@id":"https:\/\/d418ea.com\/ca\/la-importancia-de-los-dades-mestres-en-la-digitalizacio-empresarial-2\/#primaryimage"},"image":{"@id":"https:\/\/d418ea.com\/ca\/la-importancia-de-los-dades-mestres-en-la-digitalizacio-empresarial-2\/#primaryimage"},"thumbnailUrl":"https:\/\/d418ea.com\/wp-content\/uploads\/2023\/08\/human-cells-in-a-blue-background-3d-illustration-2021-08-26-22-28-53-utc-scaled.jpg","datePublished":"2023-08-02T10:54:10+00:00","dateModified":"2023-08-09T09:39:12+00:00","breadcrumb":{"@id":"https:\/\/d418ea.com\/ca\/la-importancia-de-los-dades-mestres-en-la-digitalizacio-empresarial-2\/#breadcrumb"},"inLanguage":"ca","potentialAction":[{"@type":"ReadAction","target":["https:\/\/d418ea.com\/ca\/la-importancia-de-los-dades-mestres-en-la-digitalizacio-empresarial-2\/"]}]},{"@type":"ImageObject","inLanguage":"ca","@id":"https:\/\/d418ea.com\/ca\/la-importancia-de-los-dades-mestres-en-la-digitalizacio-empresarial-2\/#primaryimage","url":"https:\/\/d418ea.com\/wp-content\/uploads\/2023\/08\/human-cells-in-a-blue-background-3d-illustration-2021-08-26-22-28-53-utc-scaled.jpg","contentUrl":"https:\/\/d418ea.com\/wp-content\/uploads\/2023\/08\/human-cells-in-a-blue-background-3d-illustration-2021-08-26-22-28-53-utc-scaled.jpg","width":2560,"height":1493,"caption":"human cells in a blue background, 3d illustration"},{"@type":"BreadcrumbList","@id":"https:\/\/d418ea.com\/ca\/la-importancia-de-los-dades-mestres-en-la-digitalizacio-empresarial-2\/#breadcrumb","itemListElement":[{"@type":"ListItem","position":1,"name":"Portada","item":"https:\/\/d418ea.com\/ca\/"},{"@type":"ListItem","position":2,"name":"La import\u00e0ncia de les DADES MESTRES en la digitalizaci\u00f3 empresarial"}]},{"@type":"WebSite","@id":"https:\/\/d418ea.com\/#website","url":"https:\/\/d418ea.com\/","name":"D418","description":"Economistas y Abogados | Salvamos y optimizamos empresas","publisher":{"@id":"https:\/\/d418ea.com\/#organization"},"potentialAction":[{"@type":"SearchAction","target":{"@type":"EntryPoint","urlTemplate":"https:\/\/d418ea.com\/?s={search_term_string}"},"query-input":{"@type":"PropertyValueSpecification","valueRequired":true,"valueName":"search_term_string"}}],"inLanguage":"ca"},{"@type":"Organization","@id":"https:\/\/d418ea.com\/#organization","name":"D418","alternateName":"Economistas y Abogados | Salvamos y optimizamos empresas","url":"https:\/\/d418ea.com\/","logo":{"@type":"ImageObject","inLanguage":"ca","@id":"https:\/\/d418ea.com\/#\/schema\/logo\/image\/","url":"https:\/\/d418ea.com\/wp-content\/uploads\/2020\/10\/logo_color_cast_pos.png","contentUrl":"https:\/\/d418ea.com\/wp-content\/uploads\/2020\/10\/logo_color_cast_pos.png","width":2162,"height":1169,"caption":"D418"},"image":{"@id":"https:\/\/d418ea.com\/#\/schema\/logo\/image\/"}},{"@type":"Person","@id":"https:\/\/d418ea.com\/#\/schema\/person\/5a9e67cbe118fb3e0059e5c642f39508","name":"Albert Tarr\u00e9s","url":"https:\/\/d418ea.com\/ca\/author\/atarres\/"}]}},"_links":{"self":[{"href":"https:\/\/d418ea.com\/ca\/wp-json\/wp\/v2\/posts\/1066","targetHints":{"allow":["GET"]}}],"collection":[{"href":"https:\/\/d418ea.com\/ca\/wp-json\/wp\/v2\/posts"}],"about":[{"href":"https:\/\/d418ea.com\/ca\/wp-json\/wp\/v2\/types\/post"}],"author":[{"embeddable":true,"href":"https:\/\/d418ea.com\/ca\/wp-json\/wp\/v2\/users\/2"}],"replies":[{"embeddable":true,"href":"https:\/\/d418ea.com\/ca\/wp-json\/wp\/v2\/comments?post=1066"}],"version-history":[{"count":17,"href":"https:\/\/d418ea.com\/ca\/wp-json\/wp\/v2\/posts\/1066\/revisions"}],"predecessor-version":[{"id":1100,"href":"https:\/\/d418ea.com\/ca\/wp-json\/wp\/v2\/posts\/1066\/revisions\/1100"}],"wp:featuredmedia":[{"embeddable":true,"href":"https:\/\/d418ea.com\/ca\/wp-json\/wp\/v2\/media\/1032"}],"wp:attachment":[{"href":"https:\/\/d418ea.com\/ca\/wp-json\/wp\/v2\/media?parent=1066"}],"wp:term":[{"taxonomy":"category","embeddable":true,"href":"https:\/\/d418ea.com\/ca\/wp-json\/wp\/v2\/categories?post=1066"},{"taxonomy":"post_tag","embeddable":true,"href":"https:\/\/d418ea.com\/ca\/wp-json\/wp\/v2\/tags?post=1066"}],"curies":[{"name":"wp","href":"https:\/\/api.w.org\/{rel}","templated":true}]}}