{"id":785,"date":"2023-03-14T15:45:07","date_gmt":"2023-03-14T14:45:07","guid":{"rendered":"https:\/\/mteconomistas.com\/?p=785"},"modified":"2023-03-15T09:04:44","modified_gmt":"2023-03-15T08:04:44","slug":"i-tu-demanes-una-segona-opinio-per-a-la-salut-del-teu-negoci","status":"publish","type":"post","link":"https:\/\/d418ea.com\/ca\/i-tu-demanes-una-segona-opinio-per-a-la-salut-del-teu-negoci\/","title":{"rendered":"I TU? DEMANES UNA SEGONA OPINI\u00d3 PER A LA SALUT DEL TEU NEGOCI?"},"content":{"rendered":"\n<p>Una de les coses que he apr\u00e8s en la meva traject\u00f2ria tant professional com personal \u00e9s la import\u00e0ncia de tenir una <strong>&#8220;segona opini\u00f3&#8221;<\/strong> per a la presa de decisions. L&#8217;expressi\u00f3 &#8220;demanar una segona opini\u00f3&#8221; \u00e9s m\u00e9s comuna en l&#8217;\u00e0mbit de la salut. Quan el nostre facultatiu habitual ens dona un diagn\u00f2stic i un tractament per remetre una malaltia i demanem una segona opini\u00f3 d&#8217;un altre facultatiu extern, que ens corrobori que el diagn\u00f2stic i el tractament \u00e9s el correcte i el m\u00e9s adequat.<\/p>\n\n\n\n<p>A <strong>nivell empresarial \u00e9s de summa import\u00e0ncia, tenir sempre aquesta &#8220;segona opini\u00f3&#8221;,<\/strong> per a la presa de decisions importants. Una opini\u00f3 objectiva i sobretot externa, d&#8217; un professional que, no estigui immers en l&#8217; activitat di\u00e0ria del negoci i que tingui una perspectiva diferent, amb una visi\u00f3 empresarial \u00e0mplia. La rutina a les empreses, entumen els empleats i directius a tenir la sensibilitat de poder identificar o proposar millores. A m\u00e9s, rarament hi ha temps per pensar, planificar i analitzar els processos; sent la resoluci\u00f3 m\u00e9s r\u00e0pida, per\u00f2 no la m\u00e9s efica\u00e7 i eficient, &#8220;fer-ho com s&#8217;ha fet sempre&#8221;. De fet, les propostes de millora solen ser gaireb\u00e9 sempre &#8220;accions correctives&#8221;, que solucionen incidents puntuals i no &#8220;accions preventives&#8221;, que millorin i que evitin inc\u00f3rrer de nou en els mateixos errors. Per tant, l&#8217; organitzaci\u00f3 queda sustentada en una estructura arcaica i r\u00edgida que dificulta el creixement i adaptabilitat del negoci.<\/p>\n\n\n\n<p>Les grans empreses s\u00f3n conscients de la sinergia que proporciona la participaci\u00f3 d&#8217; externs en la presa de decisions, i s\u00f3n sempre inclosos tant en els comit\u00e8s, com en els consells de direcci\u00f3. I les Pime, se n&#8217;han adonat i cada vegada m\u00e9s, busquen una segona opini\u00f3 externa, que els brindi una visi\u00f3 diferent i objectiva en la presa de decisions del seu negoci. A <strong style=\"color:#a61c27;\">MT Economistes<\/strong> podem oferir una segona opini\u00f3 en m\u00faltiples temes empresarials, a m\u00e9s de dissenyar, analitzar processos e implantar millores, aix\u00ed com participar de forma activa en comit\u00e8s i consells de direcci\u00f3, aportant una visi\u00f3 professional objectiva.<\/p>\n\n\n\n<p class=\"has-text-align-right\"><strong style=\"color:#a61c27;\">MT ECONOMISTAS<\/strong><\/p>\n\n\n\n<p class=\"has-text-align-right\">Catalina Campos Mu\u00f1oz<\/p>\n\n\n\n<p class=\"has-text-align-right\">Consultora Senior<\/p>\n","protected":false},"excerpt":{"rendered":"<p>Una de les coses que he apr\u00e8s en la meva traject\u00f2ria tant professional com personal \u00e9s la import\u00e0ncia de tenir una &#8220;segona opini\u00f3&#8221; per a la presa de decisions. L&#8217;expressi\u00f3 &#8220;demanar una segona opini\u00f3&#8221; \u00e9s m\u00e9s comuna en l&#8217;\u00e0mbit de la salut. Quan el nostre facultatiu habitual ens dona un diagn\u00f2stic i un tractament per [&hellip;]<\/p>\n","protected":false},"author":2,"featured_media":598,"comment_status":"closed","ping_status":"closed","sticky":false,"template":"","format":"standard","meta":{"footnotes":""},"categories":[9],"tags":[],"class_list":["post-785","post","type-post","status-publish","format-standard","has-post-thumbnail","hentry","category-noticies"],"yoast_head":"<!-- This site is optimized with the Yoast SEO plugin v26.2 - https:\/\/yoast.com\/wordpress\/plugins\/seo\/ -->\n<title>I TU? DEMANES UNA SEGONA OPINI\u00d3 PER A LA SALUT DEL TEU NEGOCI? | D418<\/title>\n<meta name=\"robots\" content=\"index, follow, max-snippet:-1, max-image-preview:large, max-video-preview:-1\" \/>\n<link rel=\"canonical\" href=\"https:\/\/d418ea.com\/ca\/i-tu-demanes-una-segona-opinio-per-a-la-salut-del-teu-negoci\/\" \/>\n<meta property=\"og:locale\" content=\"ca_ES\" \/>\n<meta property=\"og:type\" content=\"article\" \/>\n<meta property=\"og:title\" content=\"I TU? DEMANES UNA SEGONA OPINI\u00d3 PER A LA SALUT DEL TEU NEGOCI? | D418\" \/>\n<meta property=\"og:description\" content=\"Una de les coses que he apr\u00e8s en la meva traject\u00f2ria tant professional com personal \u00e9s la import\u00e0ncia de tenir una &#8220;segona opini\u00f3&#8221; per a la presa de decisions. L&#8217;expressi\u00f3 &#8220;demanar una segona opini\u00f3&#8221; \u00e9s m\u00e9s comuna en l&#8217;\u00e0mbit de la salut. Quan el nostre facultatiu habitual ens dona un diagn\u00f2stic i un tractament per [&hellip;]\" \/>\n<meta property=\"og:url\" content=\"https:\/\/d418ea.com\/ca\/i-tu-demanes-una-segona-opinio-per-a-la-salut-del-teu-negoci\/\" \/>\n<meta property=\"og:site_name\" content=\"D418\" \/>\n<meta property=\"article:published_time\" content=\"2023-03-14T14:45:07+00:00\" \/>\n<meta property=\"article:modified_time\" content=\"2023-03-15T08:04:44+00:00\" \/>\n<meta property=\"og:image\" content=\"https:\/\/d418ea.com\/wp-content\/uploads\/2022\/08\/foto-oficina-1-mt-economistes.jpg\" \/>\n\t<meta property=\"og:image:width\" content=\"1200\" \/>\n\t<meta property=\"og:image:height\" content=\"800\" \/>\n\t<meta property=\"og:image:type\" content=\"image\/jpeg\" \/>\n<meta name=\"author\" content=\"Albert Tarr\u00e9s\" \/>\n<meta name=\"twitter:card\" content=\"summary_large_image\" \/>\n<meta name=\"twitter:label1\" content=\"Escrit per\" \/>\n\t<meta name=\"twitter:data1\" content=\"Albert Tarr\u00e9s\" \/>\n\t<meta name=\"twitter:label2\" content=\"Temps estimat de lectura\" \/>\n\t<meta name=\"twitter:data2\" content=\"2 minuts\" \/>\n<script type=\"application\/ld+json\" class=\"yoast-schema-graph\">{\"@context\":\"https:\/\/schema.org\",\"@graph\":[{\"@type\":\"Article\",\"@id\":\"https:\/\/d418ea.com\/ca\/i-tu-demanes-una-segona-opinio-per-a-la-salut-del-teu-negoci\/#article\",\"isPartOf\":{\"@id\":\"https:\/\/d418ea.com\/ca\/i-tu-demanes-una-segona-opinio-per-a-la-salut-del-teu-negoci\/\"},\"author\":{\"name\":\"Albert Tarr\u00e9s\",\"@id\":\"https:\/\/d418ea.com\/#\/schema\/person\/5a9e67cbe118fb3e0059e5c642f39508\"},\"headline\":\"I TU? DEMANES UNA SEGONA OPINI\u00d3 PER A LA SALUT DEL TEU NEGOCI?\",\"datePublished\":\"2023-03-14T14:45:07+00:00\",\"dateModified\":\"2023-03-15T08:04:44+00:00\",\"mainEntityOfPage\":{\"@id\":\"https:\/\/d418ea.com\/ca\/i-tu-demanes-una-segona-opinio-per-a-la-salut-del-teu-negoci\/\"},\"wordCount\":384,\"publisher\":{\"@id\":\"https:\/\/d418ea.com\/#organization\"},\"image\":{\"@id\":\"https:\/\/d418ea.com\/ca\/i-tu-demanes-una-segona-opinio-per-a-la-salut-del-teu-negoci\/#primaryimage\"},\"thumbnailUrl\":\"https:\/\/d418ea.com\/wp-content\/uploads\/2022\/08\/foto-oficina-1-mt-economistes.jpg\",\"articleSection\":[\"Not\u00edcies\"],\"inLanguage\":\"ca\"},{\"@type\":\"WebPage\",\"@id\":\"https:\/\/d418ea.com\/ca\/i-tu-demanes-una-segona-opinio-per-a-la-salut-del-teu-negoci\/\",\"url\":\"https:\/\/d418ea.com\/ca\/i-tu-demanes-una-segona-opinio-per-a-la-salut-del-teu-negoci\/\",\"name\":\"I TU? DEMANES UNA SEGONA OPINI\u00d3 PER A LA SALUT DEL TEU NEGOCI? | D418\",\"isPartOf\":{\"@id\":\"https:\/\/d418ea.com\/#website\"},\"primaryImageOfPage\":{\"@id\":\"https:\/\/d418ea.com\/ca\/i-tu-demanes-una-segona-opinio-per-a-la-salut-del-teu-negoci\/#primaryimage\"},\"image\":{\"@id\":\"https:\/\/d418ea.com\/ca\/i-tu-demanes-una-segona-opinio-per-a-la-salut-del-teu-negoci\/#primaryimage\"},\"thumbnailUrl\":\"https:\/\/d418ea.com\/wp-content\/uploads\/2022\/08\/foto-oficina-1-mt-economistes.jpg\",\"datePublished\":\"2023-03-14T14:45:07+00:00\",\"dateModified\":\"2023-03-15T08:04:44+00:00\",\"breadcrumb\":{\"@id\":\"https:\/\/d418ea.com\/ca\/i-tu-demanes-una-segona-opinio-per-a-la-salut-del-teu-negoci\/#breadcrumb\"},\"inLanguage\":\"ca\",\"potentialAction\":[{\"@type\":\"ReadAction\",\"target\":[\"https:\/\/d418ea.com\/ca\/i-tu-demanes-una-segona-opinio-per-a-la-salut-del-teu-negoci\/\"]}]},{\"@type\":\"ImageObject\",\"inLanguage\":\"ca\",\"@id\":\"https:\/\/d418ea.com\/ca\/i-tu-demanes-una-segona-opinio-per-a-la-salut-del-teu-negoci\/#primaryimage\",\"url\":\"https:\/\/d418ea.com\/wp-content\/uploads\/2022\/08\/foto-oficina-1-mt-economistes.jpg\",\"contentUrl\":\"https:\/\/d418ea.com\/wp-content\/uploads\/2022\/08\/foto-oficina-1-mt-economistes.jpg\",\"width\":1200,\"height\":800},{\"@type\":\"BreadcrumbList\",\"@id\":\"https:\/\/d418ea.com\/ca\/i-tu-demanes-una-segona-opinio-per-a-la-salut-del-teu-negoci\/#breadcrumb\",\"itemListElement\":[{\"@type\":\"ListItem\",\"position\":1,\"name\":\"Portada\",\"item\":\"https:\/\/d418ea.com\/ca\/\"},{\"@type\":\"ListItem\",\"position\":2,\"name\":\"I TU? DEMANES UNA SEGONA OPINI\u00d3 PER A LA SALUT DEL TEU NEGOCI?\"}]},{\"@type\":\"WebSite\",\"@id\":\"https:\/\/d418ea.com\/#website\",\"url\":\"https:\/\/d418ea.com\/\",\"name\":\"D418\",\"description\":\"Economistas y Abogados | Salvamos y optimizamos empresas\",\"publisher\":{\"@id\":\"https:\/\/d418ea.com\/#organization\"},\"potentialAction\":[{\"@type\":\"SearchAction\",\"target\":{\"@type\":\"EntryPoint\",\"urlTemplate\":\"https:\/\/d418ea.com\/?s={search_term_string}\"},\"query-input\":{\"@type\":\"PropertyValueSpecification\",\"valueRequired\":true,\"valueName\":\"search_term_string\"}}],\"inLanguage\":\"ca\"},{\"@type\":\"Organization\",\"@id\":\"https:\/\/d418ea.com\/#organization\",\"name\":\"D418\",\"alternateName\":\"Economistas y Abogados | Salvamos y optimizamos empresas\",\"url\":\"https:\/\/d418ea.com\/\",\"logo\":{\"@type\":\"ImageObject\",\"inLanguage\":\"ca\",\"@id\":\"https:\/\/d418ea.com\/#\/schema\/logo\/image\/\",\"url\":\"https:\/\/d418ea.com\/wp-content\/uploads\/2020\/10\/logo_color_cast_pos.png\",\"contentUrl\":\"https:\/\/d418ea.com\/wp-content\/uploads\/2020\/10\/logo_color_cast_pos.png\",\"width\":2162,\"height\":1169,\"caption\":\"D418\"},\"image\":{\"@id\":\"https:\/\/d418ea.com\/#\/schema\/logo\/image\/\"}},{\"@type\":\"Person\",\"@id\":\"https:\/\/d418ea.com\/#\/schema\/person\/5a9e67cbe118fb3e0059e5c642f39508\",\"name\":\"Albert Tarr\u00e9s\",\"url\":\"https:\/\/d418ea.com\/ca\/author\/atarres\/\"}]}<\/script>\n<!-- \/ Yoast SEO plugin. -->","yoast_head_json":{"title":"I TU? DEMANES UNA SEGONA OPINI\u00d3 PER A LA SALUT DEL TEU NEGOCI? | D418","robots":{"index":"index","follow":"follow","max-snippet":"max-snippet:-1","max-image-preview":"max-image-preview:large","max-video-preview":"max-video-preview:-1"},"canonical":"https:\/\/d418ea.com\/ca\/i-tu-demanes-una-segona-opinio-per-a-la-salut-del-teu-negoci\/","og_locale":"ca_ES","og_type":"article","og_title":"I TU? DEMANES UNA SEGONA OPINI\u00d3 PER A LA SALUT DEL TEU NEGOCI? | D418","og_description":"Una de les coses que he apr\u00e8s en la meva traject\u00f2ria tant professional com personal \u00e9s la import\u00e0ncia de tenir una &#8220;segona opini\u00f3&#8221; per a la presa de decisions. L&#8217;expressi\u00f3 &#8220;demanar una segona opini\u00f3&#8221; \u00e9s m\u00e9s comuna en l&#8217;\u00e0mbit de la salut. Quan el nostre facultatiu habitual ens dona un diagn\u00f2stic i un tractament per [&hellip;]","og_url":"https:\/\/d418ea.com\/ca\/i-tu-demanes-una-segona-opinio-per-a-la-salut-del-teu-negoci\/","og_site_name":"D418","article_published_time":"2023-03-14T14:45:07+00:00","article_modified_time":"2023-03-15T08:04:44+00:00","og_image":[{"width":1200,"height":800,"url":"https:\/\/d418ea.com\/wp-content\/uploads\/2022\/08\/foto-oficina-1-mt-economistes.jpg","type":"image\/jpeg"}],"author":"Albert Tarr\u00e9s","twitter_card":"summary_large_image","twitter_misc":{"Escrit per":"Albert Tarr\u00e9s","Temps estimat de lectura":"2 minuts"},"schema":{"@context":"https:\/\/schema.org","@graph":[{"@type":"Article","@id":"https:\/\/d418ea.com\/ca\/i-tu-demanes-una-segona-opinio-per-a-la-salut-del-teu-negoci\/#article","isPartOf":{"@id":"https:\/\/d418ea.com\/ca\/i-tu-demanes-una-segona-opinio-per-a-la-salut-del-teu-negoci\/"},"author":{"name":"Albert Tarr\u00e9s","@id":"https:\/\/d418ea.com\/#\/schema\/person\/5a9e67cbe118fb3e0059e5c642f39508"},"headline":"I TU? DEMANES UNA SEGONA OPINI\u00d3 PER A LA SALUT DEL TEU NEGOCI?","datePublished":"2023-03-14T14:45:07+00:00","dateModified":"2023-03-15T08:04:44+00:00","mainEntityOfPage":{"@id":"https:\/\/d418ea.com\/ca\/i-tu-demanes-una-segona-opinio-per-a-la-salut-del-teu-negoci\/"},"wordCount":384,"publisher":{"@id":"https:\/\/d418ea.com\/#organization"},"image":{"@id":"https:\/\/d418ea.com\/ca\/i-tu-demanes-una-segona-opinio-per-a-la-salut-del-teu-negoci\/#primaryimage"},"thumbnailUrl":"https:\/\/d418ea.com\/wp-content\/uploads\/2022\/08\/foto-oficina-1-mt-economistes.jpg","articleSection":["Not\u00edcies"],"inLanguage":"ca"},{"@type":"WebPage","@id":"https:\/\/d418ea.com\/ca\/i-tu-demanes-una-segona-opinio-per-a-la-salut-del-teu-negoci\/","url":"https:\/\/d418ea.com\/ca\/i-tu-demanes-una-segona-opinio-per-a-la-salut-del-teu-negoci\/","name":"I TU? DEMANES UNA SEGONA OPINI\u00d3 PER A LA SALUT DEL TEU NEGOCI? | D418","isPartOf":{"@id":"https:\/\/d418ea.com\/#website"},"primaryImageOfPage":{"@id":"https:\/\/d418ea.com\/ca\/i-tu-demanes-una-segona-opinio-per-a-la-salut-del-teu-negoci\/#primaryimage"},"image":{"@id":"https:\/\/d418ea.com\/ca\/i-tu-demanes-una-segona-opinio-per-a-la-salut-del-teu-negoci\/#primaryimage"},"thumbnailUrl":"https:\/\/d418ea.com\/wp-content\/uploads\/2022\/08\/foto-oficina-1-mt-economistes.jpg","datePublished":"2023-03-14T14:45:07+00:00","dateModified":"2023-03-15T08:04:44+00:00","breadcrumb":{"@id":"https:\/\/d418ea.com\/ca\/i-tu-demanes-una-segona-opinio-per-a-la-salut-del-teu-negoci\/#breadcrumb"},"inLanguage":"ca","potentialAction":[{"@type":"ReadAction","target":["https:\/\/d418ea.com\/ca\/i-tu-demanes-una-segona-opinio-per-a-la-salut-del-teu-negoci\/"]}]},{"@type":"ImageObject","inLanguage":"ca","@id":"https:\/\/d418ea.com\/ca\/i-tu-demanes-una-segona-opinio-per-a-la-salut-del-teu-negoci\/#primaryimage","url":"https:\/\/d418ea.com\/wp-content\/uploads\/2022\/08\/foto-oficina-1-mt-economistes.jpg","contentUrl":"https:\/\/d418ea.com\/wp-content\/uploads\/2022\/08\/foto-oficina-1-mt-economistes.jpg","width":1200,"height":800},{"@type":"BreadcrumbList","@id":"https:\/\/d418ea.com\/ca\/i-tu-demanes-una-segona-opinio-per-a-la-salut-del-teu-negoci\/#breadcrumb","itemListElement":[{"@type":"ListItem","position":1,"name":"Portada","item":"https:\/\/d418ea.com\/ca\/"},{"@type":"ListItem","position":2,"name":"I TU? DEMANES UNA SEGONA OPINI\u00d3 PER A LA SALUT DEL TEU NEGOCI?"}]},{"@type":"WebSite","@id":"https:\/\/d418ea.com\/#website","url":"https:\/\/d418ea.com\/","name":"D418","description":"Economistas y Abogados | Salvamos y optimizamos empresas","publisher":{"@id":"https:\/\/d418ea.com\/#organization"},"potentialAction":[{"@type":"SearchAction","target":{"@type":"EntryPoint","urlTemplate":"https:\/\/d418ea.com\/?s={search_term_string}"},"query-input":{"@type":"PropertyValueSpecification","valueRequired":true,"valueName":"search_term_string"}}],"inLanguage":"ca"},{"@type":"Organization","@id":"https:\/\/d418ea.com\/#organization","name":"D418","alternateName":"Economistas y Abogados | Salvamos y optimizamos empresas","url":"https:\/\/d418ea.com\/","logo":{"@type":"ImageObject","inLanguage":"ca","@id":"https:\/\/d418ea.com\/#\/schema\/logo\/image\/","url":"https:\/\/d418ea.com\/wp-content\/uploads\/2020\/10\/logo_color_cast_pos.png","contentUrl":"https:\/\/d418ea.com\/wp-content\/uploads\/2020\/10\/logo_color_cast_pos.png","width":2162,"height":1169,"caption":"D418"},"image":{"@id":"https:\/\/d418ea.com\/#\/schema\/logo\/image\/"}},{"@type":"Person","@id":"https:\/\/d418ea.com\/#\/schema\/person\/5a9e67cbe118fb3e0059e5c642f39508","name":"Albert Tarr\u00e9s","url":"https:\/\/d418ea.com\/ca\/author\/atarres\/"}]}},"_links":{"self":[{"href":"https:\/\/d418ea.com\/ca\/wp-json\/wp\/v2\/posts\/785","targetHints":{"allow":["GET"]}}],"collection":[{"href":"https:\/\/d418ea.com\/ca\/wp-json\/wp\/v2\/posts"}],"about":[{"href":"https:\/\/d418ea.com\/ca\/wp-json\/wp\/v2\/types\/post"}],"author":[{"embeddable":true,"href":"https:\/\/d418ea.com\/ca\/wp-json\/wp\/v2\/users\/2"}],"replies":[{"embeddable":true,"href":"https:\/\/d418ea.com\/ca\/wp-json\/wp\/v2\/comments?post=785"}],"version-history":[{"count":3,"href":"https:\/\/d418ea.com\/ca\/wp-json\/wp\/v2\/posts\/785\/revisions"}],"predecessor-version":[{"id":796,"href":"https:\/\/d418ea.com\/ca\/wp-json\/wp\/v2\/posts\/785\/revisions\/796"}],"wp:featuredmedia":[{"embeddable":true,"href":"https:\/\/d418ea.com\/ca\/wp-json\/wp\/v2\/media\/598"}],"wp:attachment":[{"href":"https:\/\/d418ea.com\/ca\/wp-json\/wp\/v2\/media?parent=785"}],"wp:term":[{"taxonomy":"category","embeddable":true,"href":"https:\/\/d418ea.com\/ca\/wp-json\/wp\/v2\/categories?post=785"},{"taxonomy":"post_tag","embeddable":true,"href":"https:\/\/d418ea.com\/ca\/wp-json\/wp\/v2\/tags?post=785"}],"curies":[{"name":"wp","href":"https:\/\/api.w.org\/{rel}","templated":true}]}}