{"id":948,"date":"2023-04-24T11:42:44","date_gmt":"2023-04-24T09:42:44","guid":{"rendered":"https:\/\/mteconomistas.com\/?p=948"},"modified":"2023-04-25T12:08:42","modified_gmt":"2023-04-25T10:08:42","slug":"la-globalitzacio-suma","status":"publish","type":"post","link":"https:\/\/d418ea.com\/ca\/la-globalitzacio-suma\/","title":{"rendered":"<strong>\u00bfLA GLOBALITZACI\u00d3 SUMA?<\/strong>"},"content":{"rendered":"\n<p>El primer que hem de preguntar-nos \u00e9s <strong>que entenem per globalitzaci\u00f3<\/strong>, Google ens mostra molts resultats i t\u00e8cnicament es defineix com:<\/p>\n\n\n\n<p><em>&#8220;Es refereix a la creixent integraci\u00f3 de les economies de tot el m\u00f3n, especialment a trav\u00e9s del comer\u00e7 i els fluxos financers. En alguns casos aquest terme fa al\u00b7lusi\u00f3 al despla\u00e7ament de persones (m\u00e0 d&#8217;obra) i la transfer\u00e8ncia de coneixements (tecnologia) a trav\u00e9s de les fronteres internacionals.&#8221;<\/em><\/p>\n\n\n\n<div class=\"wp-block-columns is-layout-flex wp-container-core-columns-is-layout-28f84493 wp-block-columns-is-layout-flex\">\n<div class=\"wp-block-column is-layout-flow wp-block-column-is-layout-flow\">\n<figure class=\"wp-block-image alignleft size-full is-resized\"><img fetchpriority=\"high\" decoding=\"async\" src=\"https:\/\/mteconomistas.com\/wp-content\/uploads\/2023\/04\/economistas-2.png\" alt=\"\" class=\"wp-image-949\" width=\"317\" height=\"349\" srcset=\"https:\/\/d418ea.com\/wp-content\/uploads\/2023\/04\/economistas-2.png 548w, https:\/\/d418ea.com\/wp-content\/uploads\/2023\/04\/economistas-2-272x300.png 272w\" sizes=\"(max-width: 317px) 100vw, 317px\" \/><\/figure>\n<\/div>\n\n\n\n<div class=\"wp-block-column is-layout-flow wp-block-column-is-layout-flow\">\n<p>Crec que ho podem definir d&#8217;una forma molt m\u00e9s senzilla, simplement \u00e9s <strong style=\"color:#a61c27;\">l&#8217;eliminaci\u00f3 de fronteres hist\u00f2riques i naturals, que tot flueixi per tot el globus.<\/strong><\/p>\n\n\n\n<p>En els \u00faltims 30 anys, hem anat veient la tend\u00e8ncia de connectar tot el globus mitjan\u00e7ant la connexi\u00f3 de mercats financers (bosses internacions), lliure comer\u00e7, lliure circulaci\u00f3 de persones i mercaderies&#8230; lliure circulaci\u00f3 de tot&#8230; i ara ve la pregunta, <strong style=\"color:#a61c27;\">\u00bfaix\u00f2 \u00e9s bo???<\/strong><\/p>\n\n\n\n<p>La resposta sempre \u00e9s relativa, com en la majoria de preguntes. Per poder contestar-la farem una refer\u00e8ncia i reflexi\u00f3 que dividirem en tres grans camps.<\/p>\n<\/div>\n<\/div>\n\n\n\n<ul class=\"wp-block-list\">\n<li><strong style=\"color:#a61c27;\">Punt de vista financer:<\/strong><strong> <\/strong>Cal entendre que <strong>els principals promotors de la globalitzaci\u00f3 s\u00f3n les economies desenvolupades<\/strong> que tenien els seus mercats estancats i tenien la necessitat d&#8217;obrir les portes al m\u00f3n per poder captar m\u00e9s actius, m\u00e9s negoci, m\u00e9s capital&#8230; i en resum m\u00e9s benefici&#8230; En aquest proc\u00e9s, des d&#8217; un punt de vista financer, els <strong>mercats m\u00e9s desenvolupats s\u00f3n els que s\u2019han vist m\u00e9s beneficiats<\/strong>. Ara b\u00e9, qu\u00e8 passa amb els altres? Ens trobem amb dos casos: els que han aprofitat el corrent d&#8217;aigua per navegar m\u00e9s de pressa i pujar a l&#8217;onada; i els que no han estat capa\u00e7os i s&#8217;han quedat enrere, quedant com a prove\u00efdors dels altres pa\u00efsos. \u00c9s a dir, la manca d&#8217; adaptaci\u00f3 a l&#8217; entorn d&#8217; alguns pa\u00efsos ha provocat la creaci\u00f3 de difer\u00e8ncies molt notables entre pa\u00efsos repartint com \u00e9s habitual <strong>la riquesa de forma desigualit\u00e0ria i extremalitzant les difer\u00e8ncies. &nbsp;<\/strong><\/li>\n<\/ul>\n\n\n\n<p><\/p>\n\n\n\n<p>No cal oblidar que els pa\u00efsos que han estat capa\u00e7os d&#8217;agafar el corrent correcte han desenvolupat les seves economies a velocitats de vertigen (Singapur, Kuwait, Xina&#8230;).<\/p>\n\n\n\n<p>I tampoc cal oblidar que la globalitzaci\u00f3 posa en disposici\u00f3 de les economies la capacitat de pujar-se al corrent per poder-se desenvolupar.<\/p>\n\n\n\n<ul class=\"wp-block-list\">\n<li><strong style=\"color:#a61c27;\">Punt de vista pol\u00edtic: <\/strong>Des del meu punt de vista, en aquest prisma s&#8217;ha anat francament a millor, s&#8217;han vist molts casos en qu\u00e8 <strong>les defici\u00e8ncies pol\u00edtiques s&#8217;han fet p\u00fabliques<\/strong>. La facilitat amb qu\u00e8 la premsa i la informaci\u00f3 circula ha evidenciat desigualtats i les atrocitats realitzades per alguns governs. La globalitzaci\u00f3 ha perm\u00e8s frenar internacionalment molts d&#8217;aquests casos.<\/li>\n<\/ul>\n\n\n\n<ul class=\"wp-block-list\">\n<li><strong style=\"color:#a61c27;\">Punt de vista de integraci\u00f3 social: <\/strong>Sens dubte <strong>el m\u00e9s benefici\u00f3s<\/strong>, la globalitzaci\u00f3 en aquest sentit <strong>ha provocat moviments migratoris i d&#8217;intercanvi cultural<\/strong> sense precedents integrant tot el globus i en un percentatge molt elevat, alliberant la circulaci\u00f3 de persones tant en \u00e0mbits tur\u00edstics, laborals i migratoris<strong>.<\/strong><\/li>\n<\/ul>\n\n\n\n<p><\/p>\n\n\n\n<p>Val a dir que tots aquests canvis que estem vivint, i que s&#8217;han accelerat en els \u00faltims 20 anys no haurien estat possibles sense l&#8217;evoluci\u00f3 en <strong>la infraestructura de les xarxes inform\u00e0tiques que ens permeten comunicar-nos amb qualsevol part del m\u00f3n en segons<\/strong>.<\/p>\n\n\n\n<p>Amb tot aix\u00f2, i evidentment d&#8217;una forma gen\u00e8rica i molt superficial, tornarem a la pregunta inicial, podem dir que, <strong style=\"color:#a61c27;\">\u00e9s bona la globalitzaci\u00f3?<\/strong><\/p>\n\n\n\n<p>Sota la meva opini\u00f3 per suposat, crec que t\u00e9 m\u00e9s beneficis que desavantatges, tot i que cal ser-ne conscients i exigir que els nostres governs les gestionin de forma eficient generant sinergies i eliminant desigualtats.<\/p>\n\n\n\n<p>\u00c9s a dir, quan parlem de <strong>desavantatges en la globalitzaci\u00f3<\/strong>, parlem d&#8217;<strong>errors i faltes de gesti\u00f3 dels nostres governs<\/strong>, que segueixen pensat en \u201clocal\u201d i prevalen els seus interessos per damunt del sentit com\u00fa i ben local.<\/p>\n\n\n\n<p>Ho hem vist recentment en la inflaci\u00f3 generada pels nolis mar\u00edtims, la gesti\u00f3 del Covid, la guerra d&#8217;Ucra\u00efna, els problemes de subministrament de mat\u00e8ries primeres&#8230;<\/p>\n\n\n\n<p><strong style=\"color:#a61c27;\">No hi ha desavantatges, hi ha falta de gesti\u00f3&#8230;<\/strong><\/p>\n\n\n\n<p class=\"has-text-align-right\"><\/p>\n\n\n\n<div class=\"wp-block-columns is-layout-flex wp-container-core-columns-is-layout-28f84493 wp-block-columns-is-layout-flex\">\n<div class=\"wp-block-column is-layout-flow wp-block-column-is-layout-flow\">\n<figure class=\"wp-block-image size-full is-resized\"><img decoding=\"async\" src=\"https:\/\/mteconomistas.com\/wp-content\/uploads\/2023\/04\/logomt-1.png\" alt=\"\" class=\"wp-image-1011\" width=\"270\" height=\"175\"\/><\/figure>\n<\/div>\n\n\n\n<div class=\"wp-block-column is-layout-flow wp-block-column-is-layout-flow\">\n<p class=\"has-text-align-right\"><strong style=\"color:#a61c27;\">MT ECONOMISTAS<\/strong><\/p>\n\n\n\n<p class=\"has-text-align-right\"><strong><em>Albert Tarr\u00e9s<\/em><\/strong><strong><\/strong><\/p>\n\n\n\n<p class=\"has-text-align-right\"><em>Soci Fundador MT Economistas<\/em><\/p>\n<\/div>\n<\/div>\n","protected":false},"excerpt":{"rendered":"<p>El primer que hem de preguntar-nos \u00e9s que entenem per globalitzaci\u00f3, Google ens mostra molts resultats i t\u00e8cnicament es defineix com: &#8220;Es refereix a la creixent integraci\u00f3 de les economies de tot el m\u00f3n, especialment a trav\u00e9s del comer\u00e7 i els fluxos financers. En alguns casos aquest terme fa al\u00b7lusi\u00f3 al despla\u00e7ament de persones (m\u00e0 [&hellip;]<\/p>\n","protected":false},"author":2,"featured_media":941,"comment_status":"closed","ping_status":"closed","sticky":false,"template":"","format":"standard","meta":{"footnotes":""},"categories":[9],"tags":[],"class_list":["post-948","post","type-post","status-publish","format-standard","has-post-thumbnail","hentry","category-noticies"],"yoast_head":"<!-- This site is optimized with the Yoast SEO plugin v26.2 - https:\/\/yoast.com\/wordpress\/plugins\/seo\/ -->\n<title>\u00bfLA GLOBALITZACI\u00d3 SUMA? | D418<\/title>\n<meta name=\"robots\" content=\"index, follow, max-snippet:-1, max-image-preview:large, max-video-preview:-1\" \/>\n<link rel=\"canonical\" href=\"https:\/\/d418ea.com\/ca\/la-globalitzacio-suma\/\" \/>\n<meta property=\"og:locale\" content=\"ca_ES\" \/>\n<meta property=\"og:type\" content=\"article\" \/>\n<meta property=\"og:title\" content=\"\u00bfLA GLOBALITZACI\u00d3 SUMA? | D418\" \/>\n<meta property=\"og:description\" content=\"El primer que hem de preguntar-nos \u00e9s que entenem per globalitzaci\u00f3, Google ens mostra molts resultats i t\u00e8cnicament es defineix com: &#8220;Es refereix a la creixent integraci\u00f3 de les economies de tot el m\u00f3n, especialment a trav\u00e9s del comer\u00e7 i els fluxos financers. En alguns casos aquest terme fa al\u00b7lusi\u00f3 al despla\u00e7ament de persones (m\u00e0 [&hellip;]\" \/>\n<meta property=\"og:url\" content=\"https:\/\/d418ea.com\/ca\/la-globalitzacio-suma\/\" \/>\n<meta property=\"og:site_name\" content=\"D418\" \/>\n<meta property=\"article:published_time\" content=\"2023-04-24T09:42:44+00:00\" \/>\n<meta property=\"article:modified_time\" content=\"2023-04-25T10:08:42+00:00\" \/>\n<meta property=\"og:image\" content=\"https:\/\/d418ea.com\/wp-content\/uploads\/2023\/04\/global-mt-economistas.jpg\" \/>\n\t<meta property=\"og:image:width\" content=\"1600\" \/>\n\t<meta property=\"og:image:height\" content=\"1067\" \/>\n\t<meta property=\"og:image:type\" content=\"image\/jpeg\" \/>\n<meta name=\"author\" content=\"Albert Tarr\u00e9s\" \/>\n<meta name=\"twitter:card\" content=\"summary_large_image\" \/>\n<meta name=\"twitter:label1\" content=\"Escrit per\" \/>\n\t<meta name=\"twitter:data1\" content=\"Albert Tarr\u00e9s\" \/>\n\t<meta name=\"twitter:label2\" content=\"Temps estimat de lectura\" \/>\n\t<meta name=\"twitter:data2\" content=\"4 minuts\" \/>\n<script type=\"application\/ld+json\" class=\"yoast-schema-graph\">{\"@context\":\"https:\/\/schema.org\",\"@graph\":[{\"@type\":\"Article\",\"@id\":\"https:\/\/d418ea.com\/ca\/la-globalitzacio-suma\/#article\",\"isPartOf\":{\"@id\":\"https:\/\/d418ea.com\/ca\/la-globalitzacio-suma\/\"},\"author\":{\"name\":\"Albert Tarr\u00e9s\",\"@id\":\"https:\/\/d418ea.com\/#\/schema\/person\/5a9e67cbe118fb3e0059e5c642f39508\"},\"headline\":\"\u00bfLA GLOBALITZACI\u00d3 SUMA?\",\"datePublished\":\"2023-04-24T09:42:44+00:00\",\"dateModified\":\"2023-04-25T10:08:42+00:00\",\"mainEntityOfPage\":{\"@id\":\"https:\/\/d418ea.com\/ca\/la-globalitzacio-suma\/\"},\"wordCount\":714,\"publisher\":{\"@id\":\"https:\/\/d418ea.com\/#organization\"},\"image\":{\"@id\":\"https:\/\/d418ea.com\/ca\/la-globalitzacio-suma\/#primaryimage\"},\"thumbnailUrl\":\"https:\/\/d418ea.com\/wp-content\/uploads\/2023\/04\/global-mt-economistas.jpg\",\"articleSection\":[\"Not\u00edcies\"],\"inLanguage\":\"ca\"},{\"@type\":\"WebPage\",\"@id\":\"https:\/\/d418ea.com\/ca\/la-globalitzacio-suma\/\",\"url\":\"https:\/\/d418ea.com\/ca\/la-globalitzacio-suma\/\",\"name\":\"\u00bfLA GLOBALITZACI\u00d3 SUMA? | D418\",\"isPartOf\":{\"@id\":\"https:\/\/d418ea.com\/#website\"},\"primaryImageOfPage\":{\"@id\":\"https:\/\/d418ea.com\/ca\/la-globalitzacio-suma\/#primaryimage\"},\"image\":{\"@id\":\"https:\/\/d418ea.com\/ca\/la-globalitzacio-suma\/#primaryimage\"},\"thumbnailUrl\":\"https:\/\/d418ea.com\/wp-content\/uploads\/2023\/04\/global-mt-economistas.jpg\",\"datePublished\":\"2023-04-24T09:42:44+00:00\",\"dateModified\":\"2023-04-25T10:08:42+00:00\",\"breadcrumb\":{\"@id\":\"https:\/\/d418ea.com\/ca\/la-globalitzacio-suma\/#breadcrumb\"},\"inLanguage\":\"ca\",\"potentialAction\":[{\"@type\":\"ReadAction\",\"target\":[\"https:\/\/d418ea.com\/ca\/la-globalitzacio-suma\/\"]}]},{\"@type\":\"ImageObject\",\"inLanguage\":\"ca\",\"@id\":\"https:\/\/d418ea.com\/ca\/la-globalitzacio-suma\/#primaryimage\",\"url\":\"https:\/\/d418ea.com\/wp-content\/uploads\/2023\/04\/global-mt-economistas.jpg\",\"contentUrl\":\"https:\/\/d418ea.com\/wp-content\/uploads\/2023\/04\/global-mt-economistas.jpg\",\"width\":1600,\"height\":1067},{\"@type\":\"BreadcrumbList\",\"@id\":\"https:\/\/d418ea.com\/ca\/la-globalitzacio-suma\/#breadcrumb\",\"itemListElement\":[{\"@type\":\"ListItem\",\"position\":1,\"name\":\"Portada\",\"item\":\"https:\/\/d418ea.com\/ca\/\"},{\"@type\":\"ListItem\",\"position\":2,\"name\":\"\u00bfLA GLOBALITZACI\u00d3 SUMA?\"}]},{\"@type\":\"WebSite\",\"@id\":\"https:\/\/d418ea.com\/#website\",\"url\":\"https:\/\/d418ea.com\/\",\"name\":\"D418\",\"description\":\"Economistas y Abogados | Salvamos y optimizamos empresas\",\"publisher\":{\"@id\":\"https:\/\/d418ea.com\/#organization\"},\"potentialAction\":[{\"@type\":\"SearchAction\",\"target\":{\"@type\":\"EntryPoint\",\"urlTemplate\":\"https:\/\/d418ea.com\/?s={search_term_string}\"},\"query-input\":{\"@type\":\"PropertyValueSpecification\",\"valueRequired\":true,\"valueName\":\"search_term_string\"}}],\"inLanguage\":\"ca\"},{\"@type\":\"Organization\",\"@id\":\"https:\/\/d418ea.com\/#organization\",\"name\":\"D418\",\"alternateName\":\"Economistas y Abogados | Salvamos y optimizamos empresas\",\"url\":\"https:\/\/d418ea.com\/\",\"logo\":{\"@type\":\"ImageObject\",\"inLanguage\":\"ca\",\"@id\":\"https:\/\/d418ea.com\/#\/schema\/logo\/image\/\",\"url\":\"https:\/\/d418ea.com\/wp-content\/uploads\/2020\/10\/logo_color_cast_pos.png\",\"contentUrl\":\"https:\/\/d418ea.com\/wp-content\/uploads\/2020\/10\/logo_color_cast_pos.png\",\"width\":2162,\"height\":1169,\"caption\":\"D418\"},\"image\":{\"@id\":\"https:\/\/d418ea.com\/#\/schema\/logo\/image\/\"}},{\"@type\":\"Person\",\"@id\":\"https:\/\/d418ea.com\/#\/schema\/person\/5a9e67cbe118fb3e0059e5c642f39508\",\"name\":\"Albert Tarr\u00e9s\",\"url\":\"https:\/\/d418ea.com\/ca\/author\/atarres\/\"}]}<\/script>\n<!-- \/ Yoast SEO plugin. -->","yoast_head_json":{"title":"\u00bfLA GLOBALITZACI\u00d3 SUMA? | D418","robots":{"index":"index","follow":"follow","max-snippet":"max-snippet:-1","max-image-preview":"max-image-preview:large","max-video-preview":"max-video-preview:-1"},"canonical":"https:\/\/d418ea.com\/ca\/la-globalitzacio-suma\/","og_locale":"ca_ES","og_type":"article","og_title":"\u00bfLA GLOBALITZACI\u00d3 SUMA? | D418","og_description":"El primer que hem de preguntar-nos \u00e9s que entenem per globalitzaci\u00f3, Google ens mostra molts resultats i t\u00e8cnicament es defineix com: &#8220;Es refereix a la creixent integraci\u00f3 de les economies de tot el m\u00f3n, especialment a trav\u00e9s del comer\u00e7 i els fluxos financers. En alguns casos aquest terme fa al\u00b7lusi\u00f3 al despla\u00e7ament de persones (m\u00e0 [&hellip;]","og_url":"https:\/\/d418ea.com\/ca\/la-globalitzacio-suma\/","og_site_name":"D418","article_published_time":"2023-04-24T09:42:44+00:00","article_modified_time":"2023-04-25T10:08:42+00:00","og_image":[{"width":1600,"height":1067,"url":"https:\/\/d418ea.com\/wp-content\/uploads\/2023\/04\/global-mt-economistas.jpg","type":"image\/jpeg"}],"author":"Albert Tarr\u00e9s","twitter_card":"summary_large_image","twitter_misc":{"Escrit per":"Albert Tarr\u00e9s","Temps estimat de lectura":"4 minuts"},"schema":{"@context":"https:\/\/schema.org","@graph":[{"@type":"Article","@id":"https:\/\/d418ea.com\/ca\/la-globalitzacio-suma\/#article","isPartOf":{"@id":"https:\/\/d418ea.com\/ca\/la-globalitzacio-suma\/"},"author":{"name":"Albert Tarr\u00e9s","@id":"https:\/\/d418ea.com\/#\/schema\/person\/5a9e67cbe118fb3e0059e5c642f39508"},"headline":"\u00bfLA GLOBALITZACI\u00d3 SUMA?","datePublished":"2023-04-24T09:42:44+00:00","dateModified":"2023-04-25T10:08:42+00:00","mainEntityOfPage":{"@id":"https:\/\/d418ea.com\/ca\/la-globalitzacio-suma\/"},"wordCount":714,"publisher":{"@id":"https:\/\/d418ea.com\/#organization"},"image":{"@id":"https:\/\/d418ea.com\/ca\/la-globalitzacio-suma\/#primaryimage"},"thumbnailUrl":"https:\/\/d418ea.com\/wp-content\/uploads\/2023\/04\/global-mt-economistas.jpg","articleSection":["Not\u00edcies"],"inLanguage":"ca"},{"@type":"WebPage","@id":"https:\/\/d418ea.com\/ca\/la-globalitzacio-suma\/","url":"https:\/\/d418ea.com\/ca\/la-globalitzacio-suma\/","name":"\u00bfLA GLOBALITZACI\u00d3 SUMA? | D418","isPartOf":{"@id":"https:\/\/d418ea.com\/#website"},"primaryImageOfPage":{"@id":"https:\/\/d418ea.com\/ca\/la-globalitzacio-suma\/#primaryimage"},"image":{"@id":"https:\/\/d418ea.com\/ca\/la-globalitzacio-suma\/#primaryimage"},"thumbnailUrl":"https:\/\/d418ea.com\/wp-content\/uploads\/2023\/04\/global-mt-economistas.jpg","datePublished":"2023-04-24T09:42:44+00:00","dateModified":"2023-04-25T10:08:42+00:00","breadcrumb":{"@id":"https:\/\/d418ea.com\/ca\/la-globalitzacio-suma\/#breadcrumb"},"inLanguage":"ca","potentialAction":[{"@type":"ReadAction","target":["https:\/\/d418ea.com\/ca\/la-globalitzacio-suma\/"]}]},{"@type":"ImageObject","inLanguage":"ca","@id":"https:\/\/d418ea.com\/ca\/la-globalitzacio-suma\/#primaryimage","url":"https:\/\/d418ea.com\/wp-content\/uploads\/2023\/04\/global-mt-economistas.jpg","contentUrl":"https:\/\/d418ea.com\/wp-content\/uploads\/2023\/04\/global-mt-economistas.jpg","width":1600,"height":1067},{"@type":"BreadcrumbList","@id":"https:\/\/d418ea.com\/ca\/la-globalitzacio-suma\/#breadcrumb","itemListElement":[{"@type":"ListItem","position":1,"name":"Portada","item":"https:\/\/d418ea.com\/ca\/"},{"@type":"ListItem","position":2,"name":"\u00bfLA GLOBALITZACI\u00d3 SUMA?"}]},{"@type":"WebSite","@id":"https:\/\/d418ea.com\/#website","url":"https:\/\/d418ea.com\/","name":"D418","description":"Economistas y Abogados | Salvamos y optimizamos empresas","publisher":{"@id":"https:\/\/d418ea.com\/#organization"},"potentialAction":[{"@type":"SearchAction","target":{"@type":"EntryPoint","urlTemplate":"https:\/\/d418ea.com\/?s={search_term_string}"},"query-input":{"@type":"PropertyValueSpecification","valueRequired":true,"valueName":"search_term_string"}}],"inLanguage":"ca"},{"@type":"Organization","@id":"https:\/\/d418ea.com\/#organization","name":"D418","alternateName":"Economistas y Abogados | Salvamos y optimizamos empresas","url":"https:\/\/d418ea.com\/","logo":{"@type":"ImageObject","inLanguage":"ca","@id":"https:\/\/d418ea.com\/#\/schema\/logo\/image\/","url":"https:\/\/d418ea.com\/wp-content\/uploads\/2020\/10\/logo_color_cast_pos.png","contentUrl":"https:\/\/d418ea.com\/wp-content\/uploads\/2020\/10\/logo_color_cast_pos.png","width":2162,"height":1169,"caption":"D418"},"image":{"@id":"https:\/\/d418ea.com\/#\/schema\/logo\/image\/"}},{"@type":"Person","@id":"https:\/\/d418ea.com\/#\/schema\/person\/5a9e67cbe118fb3e0059e5c642f39508","name":"Albert Tarr\u00e9s","url":"https:\/\/d418ea.com\/ca\/author\/atarres\/"}]}},"_links":{"self":[{"href":"https:\/\/d418ea.com\/ca\/wp-json\/wp\/v2\/posts\/948","targetHints":{"allow":["GET"]}}],"collection":[{"href":"https:\/\/d418ea.com\/ca\/wp-json\/wp\/v2\/posts"}],"about":[{"href":"https:\/\/d418ea.com\/ca\/wp-json\/wp\/v2\/types\/post"}],"author":[{"embeddable":true,"href":"https:\/\/d418ea.com\/ca\/wp-json\/wp\/v2\/users\/2"}],"replies":[{"embeddable":true,"href":"https:\/\/d418ea.com\/ca\/wp-json\/wp\/v2\/comments?post=948"}],"version-history":[{"count":9,"href":"https:\/\/d418ea.com\/ca\/wp-json\/wp\/v2\/posts\/948\/revisions"}],"predecessor-version":[{"id":1018,"href":"https:\/\/d418ea.com\/ca\/wp-json\/wp\/v2\/posts\/948\/revisions\/1018"}],"wp:featuredmedia":[{"embeddable":true,"href":"https:\/\/d418ea.com\/ca\/wp-json\/wp\/v2\/media\/941"}],"wp:attachment":[{"href":"https:\/\/d418ea.com\/ca\/wp-json\/wp\/v2\/media?parent=948"}],"wp:term":[{"taxonomy":"category","embeddable":true,"href":"https:\/\/d418ea.com\/ca\/wp-json\/wp\/v2\/categories?post=948"},{"taxonomy":"post_tag","embeddable":true,"href":"https:\/\/d418ea.com\/ca\/wp-json\/wp\/v2\/tags?post=948"}],"curies":[{"name":"wp","href":"https:\/\/api.w.org\/{rel}","templated":true}]}}