{"id":972,"date":"2023-04-24T12:57:05","date_gmt":"2023-04-24T10:57:05","guid":{"rendered":"https:\/\/mteconomistas.com\/?p=972"},"modified":"2023-04-25T12:19:06","modified_gmt":"2023-04-25T10:19:06","slug":"deute-si-deute-no","status":"publish","type":"post","link":"https:\/\/d418ea.com\/ca\/deute-si-deute-no\/","title":{"rendered":"<strong>DEUTE S\u00cd, DEUTE NO?<\/strong>"},"content":{"rendered":"\n<p class=\"has-text-align-center has-medium-font-size\"><strong>L&#8217;endeutament d&#8217;una empresa \u00e9s positiu o negatiu?<\/strong><\/p>\n\n\n\n<p>Per contestar aquesta q\u00fcesti\u00f3, ens haur\u00edem de q\u00fcestionar abans, per qu\u00e8 s&#8217;endeuta una empresa? Pot ser perqu\u00e8 \u00e9s m\u00e9s barat endeutar-se que finan\u00e7ar-se amb recursos propis? O pot ser per qu\u00e8 el deute genera valor?<\/p>\n\n\n\n<ul class=\"wp-block-list\">\n<li><strong>DEUTE S\u00cd:<\/strong><strong style=\"color:#a61c27;\">El deute sempre \u00e9s m\u00e9s barat que la inversi\u00f3.<\/strong><\/li>\n<\/ul>\n\n\n\n<div style=\"height:10px\" aria-hidden=\"true\" class=\"wp-block-spacer\"><\/div>\n\n\n\n<div class=\"wp-block-columns is-layout-flex wp-container-core-columns-is-layout-28f84493 wp-block-columns-is-layout-flex\">\n<div class=\"wp-block-column is-layout-flow wp-block-column-is-layout-flow\">\n<figure class=\"wp-block-image size-full is-resized\"><img fetchpriority=\"high\" decoding=\"async\" src=\"https:\/\/mteconomistas.com\/wp-content\/uploads\/2023\/04\/deuda.png\" alt=\"\" class=\"wp-image-960\" width=\"360\" height=\"351\" srcset=\"https:\/\/d418ea.com\/wp-content\/uploads\/2023\/04\/deuda.png 675w, https:\/\/d418ea.com\/wp-content\/uploads\/2023\/04\/deuda-300x293.png 300w\" sizes=\"(max-width: 360px) 100vw, 360px\" \/><\/figure>\n<\/div>\n\n\n\n<div class=\"wp-block-column is-layout-flow wp-block-column-is-layout-flow\">\n<p><strong>Prestar t\u00e9 menys risc que invertir<\/strong>. En finances hi ha una relaci\u00f3 fonamental i inversament proporcional entre rendibilitat i risc, \u00e9s a dir, com m\u00e9s risc m\u00e9s rendibilitat. Els deutes cal tornar-los, hi hagi o no beneficis. De la mateixa manera, els interessos per deute cal pagar-los. A m\u00e9s, en cas de liquidaci\u00f3 de l&#8217;empresa, els deutes contrets s&#8217;han de tornar fins al m\u00e0xim possible, per\u00f2 els socis i accionistes estan al final de la fila per poder cobrar i recuperar totalment o parcialment la seva inversi\u00f3, ells seran els \u00faltims.<\/p>\n\n\n\n<p>Els accionistes en tenir m\u00e9s risc, \u00e9s l\u00f2gic que no es conformin amb la mateixa rendibilitat que els prestadors, exigiran m\u00e9s. <\/p>\n<\/div>\n<\/div>\n\n\n\n<p>En una empresa sense risc, la rendibilitat m\u00ednima exigida pels socis o accionistes seria equivalent com a m\u00ednim al valor m\u00e9s segur del mercat, per exemple, els t\u00edtols del tresor.<\/p>\n\n\n\n<p>En canvi, en una empresa amb deute i risc, i com m\u00e9s inversi\u00f3, els socis i accionistes exigiran m\u00e9s rendibilitat a causa de la prima de risc que s&#8217;addicionar\u00e0 a la rendibilitat abans comentada sense endeutament.<\/p>\n\n\n\n<p>Sempre, <strong>els costos<\/strong> i <strong>les rendibilitats exigides pels accionistes seran superiors als costos del deute<\/strong>. Com m\u00e9s deute, m\u00e9s cost. Com m\u00e9s risc, m\u00e9s cost.<\/p>\n\n\n\n<p><strong><em>&nbsp;&nbsp;&nbsp;<\/em><\/strong><\/p>\n\n\n\n<div style=\"height:30px\" aria-hidden=\"true\" class=\"wp-block-spacer\"><\/div>\n\n\n\n<div class=\"wp-block-buttons is-content-justification-center is-layout-flex wp-container-core-buttons-is-layout-a89b3969 wp-block-buttons-is-layout-flex\">\n<div class=\"wp-block-button has-custom-width wp-block-button__width-100 is-style-outline is-style-outline--1\"><a class=\"wp-block-button__link has-background wp-element-button\" style=\"border-radius:0px;background-color:#f8dbda\"><strong style=\"color:#a61c27;\"><em>Costo\/Rendibilitat exigida ACCIONISTA &gt; Costo del DEUTE<\/em><\/strong> <br><strong><em> (RISC ACCIONISTA) &gt; (RISC DEUTE)<\/em><\/strong><\/a><\/div>\n<\/div>\n\n\n\n<div style=\"height:31px\" aria-hidden=\"true\" class=\"wp-block-spacer\"><\/div>\n\n\n\n<p><\/p>\n\n\n\n<ul class=\"wp-block-list\">\n<li><strong>DEUTE S\u00cd:<\/strong><strong style=\"color:#a61c27;\">El deute genera valor a les empreses.<\/strong><\/li>\n<\/ul>\n\n\n\n<p>Tota empresa t\u00e9 car\u00e0cter bipolar: l&#8217;operatiu i el financer. El valor de les empreses emana de la part operativa de les empreses. S\u00f3n els seus actius els que permeten generar els ingressos. El valor de Microsoft procedeix dels seus productes Windows, de la Xbox, del paquet 365 de LinkedIn. El d&#8217;Apple procedeix dels Mac, dels IPad, dels IPhone. En un m\u00f3n sense deute, el valor d&#8217;una empresa dep\u00e8n de la part operativa.<\/p>\n\n\n\n<p>Quan una empresa t\u00e9 deute, les coses canvien, els deutes obliguen a pagar interessos i aquests provoquen estalvis fiscals en multiplicar-los pel tipus impositiu. L\u2019import del deute es redueix per l\u2019estalvi fiscal generat. El valor de l\u2019empresa creix amb el deute.<\/p>\n\n\n\n<ul class=\"wp-block-list\">\n<li><strong>DEUTE S\u00cd:<\/strong><strong style=\"color:#a61c27;\">Per\u00f2 fins al punt de palanquejament \u00f2ptim (costos de<u> fallida &lt; estalvi fiscal)<\/u><\/strong><\/li>\n<\/ul>\n\n\n\n<p>Aix\u00f2 vol dir que com m\u00e9s deute, m\u00e9s valor? No. Cal considerar el risc de fallida, com m\u00e9s deute, m\u00e9s probabilitat de fallida. Com m\u00e9s risc de fallida, menys valor. Quan el deute creix m\u00e9s del que \u00e9s \u00f2ptim esdev\u00e9 el seg\u00fcent:<\/p>\n\n\n\n<ul class=\"wp-block-list\">\n<li>Els directius dediquen m\u00e9s temps a gestionar la situaci\u00f3 financera que a cercar projectes operatius que generin valor.<\/li>\n<\/ul>\n\n\n\n<ul class=\"wp-block-list\">\n<li>Els prove\u00efdors estan menys disposats a concedir cr\u00e8dits.<\/li>\n<\/ul>\n\n\n\n<ul class=\"wp-block-list\">\n<li>Els clients desconfien a l&#8217;empresa perqu\u00e8 consideren que no podr\u00e0 garantir els serveis de futur.<\/li>\n<\/ul>\n\n\n\n<ul class=\"wp-block-list\">\n<li>Augmenten les despeses per la contractaci\u00f3 de serveis legals o financers que permetin gestionar una empresa propera a la fallida.<\/li>\n<\/ul>\n\n\n\n<ul class=\"wp-block-list\">\n<li>La reputaci\u00f3 de l&#8217;empresa queda en dubte, se la veu feble al mercat.<\/li>\n<\/ul>\n\n\n\n<div style=\"height:25px\" aria-hidden=\"true\" class=\"wp-block-spacer\"><\/div>\n\n\n\n<p>A la suma d&#8217;aquests punts se la quantifica com a <strong>\u201ccostos de fallida\u201d, i si aquests s\u00f3n superiors a l&#8217;estalvi fiscal<\/strong>, el valor de l&#8217;empresa comen\u00e7ar\u00e0 a caure.<\/p>\n\n\n\n<p>Deute s\u00ed, per\u00f2 fins al punt de palanquejament \u00f2ptim, el punt on es maximitza el valor de l&#8217;empresa.<\/p>\n\n\n\n<p>A <strong style=\"color:#a61c27;\">MT Economistas<\/strong>, podem <strong>determinar aquest punt \u00f2ptim, perqu\u00e8 les empreses poden treure tot el profit del deute<\/strong> <strong>en el seu aspecte positiu<\/strong>, aconseguint controlar-ne els negatius, els riscos.<\/p>\n\n\n\n<p class=\"has-text-align-right\"><\/p>\n\n\n\n<div style=\"height:25px\" aria-hidden=\"true\" class=\"wp-block-spacer\"><\/div>\n\n\n\n<div class=\"wp-block-columns is-layout-flex wp-container-core-columns-is-layout-28f84493 wp-block-columns-is-layout-flex\">\n<div class=\"wp-block-column is-layout-flow wp-block-column-is-layout-flow\">\n<figure class=\"wp-block-image size-full is-resized\"><img decoding=\"async\" src=\"https:\/\/mteconomistas.com\/wp-content\/uploads\/2023\/04\/logomt.png\" alt=\"\" class=\"wp-image-988\" width=\"270\" height=\"175\"\/><\/figure>\n<\/div>\n\n\n\n<div class=\"wp-block-column is-layout-flow wp-block-column-is-layout-flow\">\n<p class=\"has-text-align-right\"><strong style=\"color:#a61c27;\">MT ECONOMISTAS<\/strong><\/p>\n\n\n\n<p class=\"has-text-align-right\"><strong><em>Xavier Mas<\/em><\/strong><strong><\/strong><\/p>\n\n\n\n<p class=\"has-text-align-right\"><em>Soci fundador MT Economistas<\/em><\/p>\n\n\n\n<p class=\"has-text-align-right\"><em>Professor ADE \u2013 UOC Universitat Oberta de Catalunya<\/em><\/p>\n<\/div>\n<\/div>\n","protected":false},"excerpt":{"rendered":"<p>L&#8217;endeutament d&#8217;una empresa \u00e9s positiu o negatiu? Per contestar aquesta q\u00fcesti\u00f3, ens haur\u00edem de q\u00fcestionar abans, per qu\u00e8 s&#8217;endeuta una empresa? Pot ser perqu\u00e8 \u00e9s m\u00e9s barat endeutar-se que finan\u00e7ar-se amb recursos propis? O pot ser per qu\u00e8 el deute genera valor? Prestar t\u00e9 menys risc que invertir. En finances hi ha una relaci\u00f3 fonamental [&hellip;]<\/p>\n","protected":false},"author":2,"featured_media":964,"comment_status":"closed","ping_status":"closed","sticky":false,"template":"","format":"standard","meta":{"footnotes":""},"categories":[9],"tags":[],"class_list":["post-972","post","type-post","status-publish","format-standard","has-post-thumbnail","hentry","category-noticies"],"yoast_head":"<!-- This site is optimized with the Yoast SEO plugin v26.2 - https:\/\/yoast.com\/wordpress\/plugins\/seo\/ -->\n<title>DEUTE S\u00cd, DEUTE NO? | D418<\/title>\n<meta name=\"robots\" content=\"index, follow, max-snippet:-1, max-image-preview:large, max-video-preview:-1\" \/>\n<link rel=\"canonical\" href=\"https:\/\/d418ea.com\/ca\/deute-si-deute-no\/\" \/>\n<meta property=\"og:locale\" content=\"ca_ES\" \/>\n<meta property=\"og:type\" content=\"article\" \/>\n<meta property=\"og:title\" content=\"DEUTE S\u00cd, DEUTE NO? | D418\" \/>\n<meta property=\"og:description\" content=\"L&#8217;endeutament d&#8217;una empresa \u00e9s positiu o negatiu? Per contestar aquesta q\u00fcesti\u00f3, ens haur\u00edem de q\u00fcestionar abans, per qu\u00e8 s&#8217;endeuta una empresa? Pot ser perqu\u00e8 \u00e9s m\u00e9s barat endeutar-se que finan\u00e7ar-se amb recursos propis? O pot ser per qu\u00e8 el deute genera valor? Prestar t\u00e9 menys risc que invertir. En finances hi ha una relaci\u00f3 fonamental [&hellip;]\" \/>\n<meta property=\"og:url\" content=\"https:\/\/d418ea.com\/ca\/deute-si-deute-no\/\" \/>\n<meta property=\"og:site_name\" content=\"D418\" \/>\n<meta property=\"article:published_time\" content=\"2023-04-24T10:57:05+00:00\" \/>\n<meta property=\"article:modified_time\" content=\"2023-04-25T10:19:06+00:00\" \/>\n<meta property=\"og:image\" content=\"https:\/\/d418ea.com\/wp-content\/uploads\/2023\/04\/deuda-mt-economistas.jpg\" \/>\n\t<meta property=\"og:image:width\" content=\"1600\" \/>\n\t<meta property=\"og:image:height\" content=\"1067\" \/>\n\t<meta property=\"og:image:type\" content=\"image\/jpeg\" \/>\n<meta name=\"author\" content=\"Albert Tarr\u00e9s\" \/>\n<meta name=\"twitter:card\" content=\"summary_large_image\" \/>\n<meta name=\"twitter:label1\" content=\"Escrit per\" \/>\n\t<meta name=\"twitter:data1\" content=\"Albert Tarr\u00e9s\" \/>\n\t<meta name=\"twitter:label2\" content=\"Temps estimat de lectura\" \/>\n\t<meta name=\"twitter:data2\" content=\"4 minuts\" \/>\n<script type=\"application\/ld+json\" class=\"yoast-schema-graph\">{\"@context\":\"https:\/\/schema.org\",\"@graph\":[{\"@type\":\"Article\",\"@id\":\"https:\/\/d418ea.com\/ca\/deute-si-deute-no\/#article\",\"isPartOf\":{\"@id\":\"https:\/\/d418ea.com\/ca\/deute-si-deute-no\/\"},\"author\":{\"name\":\"Albert Tarr\u00e9s\",\"@id\":\"https:\/\/d418ea.com\/#\/schema\/person\/5a9e67cbe118fb3e0059e5c642f39508\"},\"headline\":\"DEUTE S\u00cd, DEUTE NO?\",\"datePublished\":\"2023-04-24T10:57:05+00:00\",\"dateModified\":\"2023-04-25T10:19:06+00:00\",\"mainEntityOfPage\":{\"@id\":\"https:\/\/d418ea.com\/ca\/deute-si-deute-no\/\"},\"wordCount\":675,\"publisher\":{\"@id\":\"https:\/\/d418ea.com\/#organization\"},\"image\":{\"@id\":\"https:\/\/d418ea.com\/ca\/deute-si-deute-no\/#primaryimage\"},\"thumbnailUrl\":\"https:\/\/d418ea.com\/wp-content\/uploads\/2023\/04\/deuda-mt-economistas.jpg\",\"articleSection\":[\"Not\u00edcies\"],\"inLanguage\":\"ca\"},{\"@type\":\"WebPage\",\"@id\":\"https:\/\/d418ea.com\/ca\/deute-si-deute-no\/\",\"url\":\"https:\/\/d418ea.com\/ca\/deute-si-deute-no\/\",\"name\":\"DEUTE S\u00cd, DEUTE NO? | D418\",\"isPartOf\":{\"@id\":\"https:\/\/d418ea.com\/#website\"},\"primaryImageOfPage\":{\"@id\":\"https:\/\/d418ea.com\/ca\/deute-si-deute-no\/#primaryimage\"},\"image\":{\"@id\":\"https:\/\/d418ea.com\/ca\/deute-si-deute-no\/#primaryimage\"},\"thumbnailUrl\":\"https:\/\/d418ea.com\/wp-content\/uploads\/2023\/04\/deuda-mt-economistas.jpg\",\"datePublished\":\"2023-04-24T10:57:05+00:00\",\"dateModified\":\"2023-04-25T10:19:06+00:00\",\"breadcrumb\":{\"@id\":\"https:\/\/d418ea.com\/ca\/deute-si-deute-no\/#breadcrumb\"},\"inLanguage\":\"ca\",\"potentialAction\":[{\"@type\":\"ReadAction\",\"target\":[\"https:\/\/d418ea.com\/ca\/deute-si-deute-no\/\"]}]},{\"@type\":\"ImageObject\",\"inLanguage\":\"ca\",\"@id\":\"https:\/\/d418ea.com\/ca\/deute-si-deute-no\/#primaryimage\",\"url\":\"https:\/\/d418ea.com\/wp-content\/uploads\/2023\/04\/deuda-mt-economistas.jpg\",\"contentUrl\":\"https:\/\/d418ea.com\/wp-content\/uploads\/2023\/04\/deuda-mt-economistas.jpg\",\"width\":1600,\"height\":1067},{\"@type\":\"BreadcrumbList\",\"@id\":\"https:\/\/d418ea.com\/ca\/deute-si-deute-no\/#breadcrumb\",\"itemListElement\":[{\"@type\":\"ListItem\",\"position\":1,\"name\":\"Portada\",\"item\":\"https:\/\/d418ea.com\/ca\/\"},{\"@type\":\"ListItem\",\"position\":2,\"name\":\"DEUTE S\u00cd, DEUTE NO?\"}]},{\"@type\":\"WebSite\",\"@id\":\"https:\/\/d418ea.com\/#website\",\"url\":\"https:\/\/d418ea.com\/\",\"name\":\"D418\",\"description\":\"Economistas y Abogados | Salvamos y optimizamos empresas\",\"publisher\":{\"@id\":\"https:\/\/d418ea.com\/#organization\"},\"potentialAction\":[{\"@type\":\"SearchAction\",\"target\":{\"@type\":\"EntryPoint\",\"urlTemplate\":\"https:\/\/d418ea.com\/?s={search_term_string}\"},\"query-input\":{\"@type\":\"PropertyValueSpecification\",\"valueRequired\":true,\"valueName\":\"search_term_string\"}}],\"inLanguage\":\"ca\"},{\"@type\":\"Organization\",\"@id\":\"https:\/\/d418ea.com\/#organization\",\"name\":\"D418\",\"alternateName\":\"Economistas y Abogados | Salvamos y optimizamos empresas\",\"url\":\"https:\/\/d418ea.com\/\",\"logo\":{\"@type\":\"ImageObject\",\"inLanguage\":\"ca\",\"@id\":\"https:\/\/d418ea.com\/#\/schema\/logo\/image\/\",\"url\":\"https:\/\/d418ea.com\/wp-content\/uploads\/2020\/10\/logo_color_cast_pos.png\",\"contentUrl\":\"https:\/\/d418ea.com\/wp-content\/uploads\/2020\/10\/logo_color_cast_pos.png\",\"width\":2162,\"height\":1169,\"caption\":\"D418\"},\"image\":{\"@id\":\"https:\/\/d418ea.com\/#\/schema\/logo\/image\/\"}},{\"@type\":\"Person\",\"@id\":\"https:\/\/d418ea.com\/#\/schema\/person\/5a9e67cbe118fb3e0059e5c642f39508\",\"name\":\"Albert Tarr\u00e9s\",\"url\":\"https:\/\/d418ea.com\/ca\/author\/atarres\/\"}]}<\/script>\n<!-- \/ Yoast SEO plugin. -->","yoast_head_json":{"title":"DEUTE S\u00cd, DEUTE NO? | D418","robots":{"index":"index","follow":"follow","max-snippet":"max-snippet:-1","max-image-preview":"max-image-preview:large","max-video-preview":"max-video-preview:-1"},"canonical":"https:\/\/d418ea.com\/ca\/deute-si-deute-no\/","og_locale":"ca_ES","og_type":"article","og_title":"DEUTE S\u00cd, DEUTE NO? | D418","og_description":"L&#8217;endeutament d&#8217;una empresa \u00e9s positiu o negatiu? Per contestar aquesta q\u00fcesti\u00f3, ens haur\u00edem de q\u00fcestionar abans, per qu\u00e8 s&#8217;endeuta una empresa? Pot ser perqu\u00e8 \u00e9s m\u00e9s barat endeutar-se que finan\u00e7ar-se amb recursos propis? O pot ser per qu\u00e8 el deute genera valor? Prestar t\u00e9 menys risc que invertir. En finances hi ha una relaci\u00f3 fonamental [&hellip;]","og_url":"https:\/\/d418ea.com\/ca\/deute-si-deute-no\/","og_site_name":"D418","article_published_time":"2023-04-24T10:57:05+00:00","article_modified_time":"2023-04-25T10:19:06+00:00","og_image":[{"width":1600,"height":1067,"url":"https:\/\/d418ea.com\/wp-content\/uploads\/2023\/04\/deuda-mt-economistas.jpg","type":"image\/jpeg"}],"author":"Albert Tarr\u00e9s","twitter_card":"summary_large_image","twitter_misc":{"Escrit per":"Albert Tarr\u00e9s","Temps estimat de lectura":"4 minuts"},"schema":{"@context":"https:\/\/schema.org","@graph":[{"@type":"Article","@id":"https:\/\/d418ea.com\/ca\/deute-si-deute-no\/#article","isPartOf":{"@id":"https:\/\/d418ea.com\/ca\/deute-si-deute-no\/"},"author":{"name":"Albert Tarr\u00e9s","@id":"https:\/\/d418ea.com\/#\/schema\/person\/5a9e67cbe118fb3e0059e5c642f39508"},"headline":"DEUTE S\u00cd, DEUTE NO?","datePublished":"2023-04-24T10:57:05+00:00","dateModified":"2023-04-25T10:19:06+00:00","mainEntityOfPage":{"@id":"https:\/\/d418ea.com\/ca\/deute-si-deute-no\/"},"wordCount":675,"publisher":{"@id":"https:\/\/d418ea.com\/#organization"},"image":{"@id":"https:\/\/d418ea.com\/ca\/deute-si-deute-no\/#primaryimage"},"thumbnailUrl":"https:\/\/d418ea.com\/wp-content\/uploads\/2023\/04\/deuda-mt-economistas.jpg","articleSection":["Not\u00edcies"],"inLanguage":"ca"},{"@type":"WebPage","@id":"https:\/\/d418ea.com\/ca\/deute-si-deute-no\/","url":"https:\/\/d418ea.com\/ca\/deute-si-deute-no\/","name":"DEUTE S\u00cd, DEUTE NO? | D418","isPartOf":{"@id":"https:\/\/d418ea.com\/#website"},"primaryImageOfPage":{"@id":"https:\/\/d418ea.com\/ca\/deute-si-deute-no\/#primaryimage"},"image":{"@id":"https:\/\/d418ea.com\/ca\/deute-si-deute-no\/#primaryimage"},"thumbnailUrl":"https:\/\/d418ea.com\/wp-content\/uploads\/2023\/04\/deuda-mt-economistas.jpg","datePublished":"2023-04-24T10:57:05+00:00","dateModified":"2023-04-25T10:19:06+00:00","breadcrumb":{"@id":"https:\/\/d418ea.com\/ca\/deute-si-deute-no\/#breadcrumb"},"inLanguage":"ca","potentialAction":[{"@type":"ReadAction","target":["https:\/\/d418ea.com\/ca\/deute-si-deute-no\/"]}]},{"@type":"ImageObject","inLanguage":"ca","@id":"https:\/\/d418ea.com\/ca\/deute-si-deute-no\/#primaryimage","url":"https:\/\/d418ea.com\/wp-content\/uploads\/2023\/04\/deuda-mt-economistas.jpg","contentUrl":"https:\/\/d418ea.com\/wp-content\/uploads\/2023\/04\/deuda-mt-economistas.jpg","width":1600,"height":1067},{"@type":"BreadcrumbList","@id":"https:\/\/d418ea.com\/ca\/deute-si-deute-no\/#breadcrumb","itemListElement":[{"@type":"ListItem","position":1,"name":"Portada","item":"https:\/\/d418ea.com\/ca\/"},{"@type":"ListItem","position":2,"name":"DEUTE S\u00cd, DEUTE NO?"}]},{"@type":"WebSite","@id":"https:\/\/d418ea.com\/#website","url":"https:\/\/d418ea.com\/","name":"D418","description":"Economistas y Abogados | Salvamos y optimizamos empresas","publisher":{"@id":"https:\/\/d418ea.com\/#organization"},"potentialAction":[{"@type":"SearchAction","target":{"@type":"EntryPoint","urlTemplate":"https:\/\/d418ea.com\/?s={search_term_string}"},"query-input":{"@type":"PropertyValueSpecification","valueRequired":true,"valueName":"search_term_string"}}],"inLanguage":"ca"},{"@type":"Organization","@id":"https:\/\/d418ea.com\/#organization","name":"D418","alternateName":"Economistas y Abogados | Salvamos y optimizamos empresas","url":"https:\/\/d418ea.com\/","logo":{"@type":"ImageObject","inLanguage":"ca","@id":"https:\/\/d418ea.com\/#\/schema\/logo\/image\/","url":"https:\/\/d418ea.com\/wp-content\/uploads\/2020\/10\/logo_color_cast_pos.png","contentUrl":"https:\/\/d418ea.com\/wp-content\/uploads\/2020\/10\/logo_color_cast_pos.png","width":2162,"height":1169,"caption":"D418"},"image":{"@id":"https:\/\/d418ea.com\/#\/schema\/logo\/image\/"}},{"@type":"Person","@id":"https:\/\/d418ea.com\/#\/schema\/person\/5a9e67cbe118fb3e0059e5c642f39508","name":"Albert Tarr\u00e9s","url":"https:\/\/d418ea.com\/ca\/author\/atarres\/"}]}},"_links":{"self":[{"href":"https:\/\/d418ea.com\/ca\/wp-json\/wp\/v2\/posts\/972","targetHints":{"allow":["GET"]}}],"collection":[{"href":"https:\/\/d418ea.com\/ca\/wp-json\/wp\/v2\/posts"}],"about":[{"href":"https:\/\/d418ea.com\/ca\/wp-json\/wp\/v2\/types\/post"}],"author":[{"embeddable":true,"href":"https:\/\/d418ea.com\/ca\/wp-json\/wp\/v2\/users\/2"}],"replies":[{"embeddable":true,"href":"https:\/\/d418ea.com\/ca\/wp-json\/wp\/v2\/comments?post=972"}],"version-history":[{"count":19,"href":"https:\/\/d418ea.com\/ca\/wp-json\/wp\/v2\/posts\/972\/revisions"}],"predecessor-version":[{"id":1024,"href":"https:\/\/d418ea.com\/ca\/wp-json\/wp\/v2\/posts\/972\/revisions\/1024"}],"wp:featuredmedia":[{"embeddable":true,"href":"https:\/\/d418ea.com\/ca\/wp-json\/wp\/v2\/media\/964"}],"wp:attachment":[{"href":"https:\/\/d418ea.com\/ca\/wp-json\/wp\/v2\/media?parent=972"}],"wp:term":[{"taxonomy":"category","embeddable":true,"href":"https:\/\/d418ea.com\/ca\/wp-json\/wp\/v2\/categories?post=972"},{"taxonomy":"post_tag","embeddable":true,"href":"https:\/\/d418ea.com\/ca\/wp-json\/wp\/v2\/tags?post=972"}],"curies":[{"name":"wp","href":"https:\/\/api.w.org\/{rel}","templated":true}]}}